{"id":29157,"date":"2015-05-29T00:00:56","date_gmt":"2015-05-29T03:00:56","guid":{"rendered":"http:\/\/notinor.com\/jujuy\/?p=29157"},"modified":"2015-05-28T23:27:19","modified_gmt":"2015-05-29T02:27:19","slug":"se-movilizaron-los-choferes-y-empleados-de-etap-nucleados-en-ucra-cta-se","status":"publish","type":"post","link":"https:\/\/notinor.com\/jujuy\/se-movilizaron-los-choferes-y-empleados-de-etap-nucleados-en-ucra-cta-se\/","title":{"rendered":"Se movilizaron los choferes y empleados de ETAP nucleados en UCRA-CTA se"},"content":{"rendered":"<p>Estos reclamos tienen que ver con el proceso licitatorio del transporte urbano de pasajeros, en el cual los choferes, mec\u00e1nicos, electricistas, inspectores y administrativos de algunas empresas esperan tener garantizada su continuidad laboral.<\/p>\n<p>Como producto de la movilizaci\u00f3n, durante la ma\u00f1ana del mi\u00e9rcoles 27 se llev\u00f3 a cabo una reuni\u00f3n entre representantes de los choferes de la empresa ETAP, de la Uni\u00f3n de Conductores de la Rep\u00fablica Argentina Seccional Jujuy, el Secretario de la CTA Jujuy, Freddy Berdeja y el Secretario Gremial de ATE Jujuy, Mat\u00edas Brizuela, con el funcionario Municipal Guillermo Marenco.<\/p>\n<p>La CTA y UCRA dejaron planteado que lo prioritario es mantener la fuente laboral de los choferes y que se va a luchar para que los trabajadores no sean absorbidos en empresas que no cumplen con los convenios colectivos, ya que hay casos en que no se cumple con los trabajadores y existen irregularidades en las empresas.<\/p>\n<p>Ante esta situaci\u00f3n, los trabajadores y dirigentes gremiales solicitaron una nueva reuni\u00f3n para este viernes 29 de mayo, por lo que concurrir\u00e1n a la Municipalidad a obtener m\u00e1s precisiones sobre estos planteos, de manera que puedan haber respuestas concretas.<\/p>\n","protected":false},"excerpt":{"rendered":"<p>Estos reclamos tienen que ver con el proceso licitatorio del transporte urbano de pasajeros, en el cual los choferes, mec\u00e1nicos, electricistas, inspectores y administrativos de algunas empresas esperan tener garantizada su continuidad laboral. Como producto de la movilizaci\u00f3n, durante la ma\u00f1ana del mi\u00e9rcoles 27 se llev\u00f3 a cabo una reuni\u00f3n entre representantes de los choferes [&hellip;]<\/p>\n","protected":false},"author":1,"featured_media":29158,"comment_status":"open","ping_status":"open","sticky":false,"template":"","format":"standard","meta":{"_stopmodifiedupdate":false,"_modified_date":"","inline_featured_image":false},"categories":[485],"tags":[],"jetpack_featured_media_url":"https:\/\/notinor.com\/jujuy\/wp-content\/uploads\/2015\/05\/11347546_890078547718326_157270631_o.jpg","_links":{"self":[{"href":"https:\/\/notinor.com\/jujuy\/wp-json\/wp\/v2\/posts\/29157"}],"collection":[{"href":"https:\/\/notinor.com\/jujuy\/wp-json\/wp\/v2\/posts"}],"about":[{"href":"https:\/\/notinor.com\/jujuy\/wp-json\/wp\/v2\/types\/post"}],"author":[{"embeddable":true,"href":"https:\/\/notinor.com\/jujuy\/wp-json\/wp\/v2\/users\/1"}],"replies":[{"embeddable":true,"href":"https:\/\/notinor.com\/jujuy\/wp-json\/wp\/v2\/comments?post=29157"}],"version-history":[{"count":1,"href":"https:\/\/notinor.com\/jujuy\/wp-json\/wp\/v2\/posts\/29157\/revisions"}],"predecessor-version":[{"id":29159,"href":"https:\/\/notinor.com\/jujuy\/wp-json\/wp\/v2\/posts\/29157\/revisions\/29159"}],"wp:featuredmedia":[{"embeddable":true,"href":"https:\/\/notinor.com\/jujuy\/wp-json\/wp\/v2\/media\/29158"}],"wp:attachment":[{"href":"https:\/\/notinor.com\/jujuy\/wp-json\/wp\/v2\/media?parent=29157"}],"wp:term":[{"taxonomy":"category","embeddable":true,"href":"https:\/\/notinor.com\/jujuy\/wp-json\/wp\/v2\/categories?post=29157"},{"taxonomy":"post_tag","embeddable":true,"href":"https:\/\/notinor.com\/jujuy\/wp-json\/wp\/v2\/tags?post=29157"}],"curies":[{"name":"wp","href":"https:\/\/api.w.org\/{rel}","templated":true}]}}