{"id":290335,"date":"2021-03-06T11:24:53","date_gmt":"2021-03-06T14:24:53","guid":{"rendered":"https:\/\/notinor.com\/jujuy\/?p=290335"},"modified":"2021-03-06T11:24:57","modified_gmt":"2021-03-06T14:24:57","slug":"francisco-se-reunio-con-el-gran-ayatollah-ali-al-sistani","status":"publish","type":"post","link":"https:\/\/notinor.com\/jujuy\/francisco-se-reunio-con-el-gran-ayatollah-ali-al-sistani\/","title":{"rendered":"Francisco se reuni\u00f3  con el gran Ayatollah Ali al-Sistani"},"content":{"rendered":"\n<p>En el marco de su segundo d\u00eda de actividades, el Papa mantuvo un encuentro con la m\u00e1xima autoridad del islam chiita, con quien resalt\u00f3 la importancia del di\u00e1logo interreligioso para la unidad nacional. C\u00f3mo sigue su agenda.<\/p>\n\n\n\n<figure class=\"wp-block-image size-large\"><img decoding=\"async\" loading=\"lazy\" width=\"750\" height=\"456\" src=\"https:\/\/notinor.com\/jujuy\/wp-content\/uploads\/2021\/03\/FRANCISCO-3.jpg\" alt=\"\" class=\"wp-image-290337\" srcset=\"https:\/\/notinor.com\/jujuy\/wp-content\/uploads\/2021\/03\/FRANCISCO-3.jpg 750w, https:\/\/notinor.com\/jujuy\/wp-content\/uploads\/2021\/03\/FRANCISCO-3-600x365.jpg 600w\" sizes=\"(max-width: 750px) 100vw, 750px\" \/><\/figure>\n\n\n\n<p>En su segundo d\u00eda de actividades en Irak, el papa Francisco se reuni\u00f3 este s\u00e1bado en Najaf, 150 kil\u00f3metros al Sur de la capital Bagdad, con el gran ayatollah Ali al-Sistani, m\u00e1xima autoridad del islam chiita y considerado uno de los hombres m\u00e1s influyentes del pa\u00eds, con quien resalt\u00f3 la importancia del di\u00e1logo interreligioso para la unidad nacional.<\/p>\n\n\n\n<p>El pont\u00edfice visit\u00f3 a Al-Sistani en su residencia de la ciudad considerada santa por el chiismo, rama que incluye a cerca del 10% de los 1.900 millones de musulmanes del mundo pero representa a casi dos tercios del islam iraqu\u00ed.<\/p>\n\n\n\n<p>En la reuni\u00f3n, Jorge Bergoglio \"subray\u00f3 la importancia de la colaboraci\u00f3n y de la amistad entre las comunidades religiosas para, cultivando el respeto rec\u00edproco y el di\u00e1logo, se pueda contribuir al bien de Irak, de la regi\u00f3n y de la entera humanidad\", asegur\u00f3 luego el vocero papal Matteo Bruni.<\/p>\n\n\n\n<p>Francisco lleg\u00f3 el viernes a Irak a bordo del avi\u00f3n papal -acompa\u00f1ado por enviados de distintos medios, entre ellos T\u00e9lam- para una hist\u00f3rica visita de tres d\u00edas al pa\u00eds, la primera de un pont\u00edfice.<\/p>\n\n\n\n<p>Bergoglio, de 84 a\u00f1os, y Al-Sistani, de 90 a\u00f1os, se reunieron durante casi una hora en la residencia del l\u00edder nacido en Ir\u00e1n pero convertido en una voz de referencia en Irak, en donde sus pr\u00e9dicas semanales y sus publicaciones en redes sociales son referencia para millones de fieles.<\/p>\n\n\n\n<p>Durante el encuentro, agreg\u00f3 Bruni, el papa agradeci\u00f3 al l\u00edder isl\u00e1mico porque, junto con la comunidad chiita \"de frente a la violencia y a las grandes dificultades de los a\u00f1os pasados, elev\u00f3 su voz en defensa de los m\u00e1s d\u00e9biles y perseguidos, afirmando la sacralidad de la vida humana y la importancia de la unidad del pueblo iraqu\u00ed\".<\/p>\n\n\n\n<p>A Al-Sistani se atribuye un rol valioso en los esfuerzos por pacificar a Irak tras la invasi\u00f3n estadounidense de 2003 y se lo conoce por apoyar la separaci\u00f3n entre religi\u00f3n y Estado, una cuesti\u00f3n a\u00fan hoy muy en debate entre los musulmanes.<\/p>\n\n\n\n<p>Seg\u00fan un comunicado que difundi\u00f3 en Irak la oficina de prensa del l\u00edder musulm\u00e1n, \"la discusi\u00f3n gir\u00f3 en torno a los grandes desaf\u00edos que enfrenta la humanidad en esta era\", as\u00ed como \"el compromiso con los altos valores morales para superarlos\".<\/p>\n\n\n\n<p>Al-Sistani plante\u00f3 sus visiones \"sobre la injusticia, la opresi\u00f3n, la pobreza, la persecuci\u00f3n religiosa e intelectual, la supresi\u00f3n de las libertades b\u00e1sicas y la ausencia de justicia social, especialmente las guerras, los actos de violencia, el bloqueo econ\u00f3mico, el desplazamiento de muchos pueblos en nuestra regi\u00f3n, especialmente el pueblo palestino en los territorios ocupados\", consign\u00f3 el comunicado.<\/p>\n\n\n\n<p>En di\u00e1logo con la prensa que acompa\u00f1a al Papa en la gira, el secretario de Estado del Vaticano, el cardenal Pietro Parolin, consider\u00f3 al encuentro como \"un paso adelante\" en el di\u00e1logo interreligioso que promueve Francisco, mientras que el canciller vaticano, el arzobispo Paul Gallagher, la consider\u00f3 \"una reuni\u00f3n que abre un camino\".<\/p>\n\n\n\n<p>El Papa lleg\u00f3 a la residencia de Al-Sistani minutos antes de las 9 de Najaf (3 de la Argentina), en un auto blindado que le dio el Gobierno iraqu\u00ed para sus desplazamientos en el pa\u00eds y precedido por una caravana de seguridad de m\u00e1s de 10 camionetas. En la puerta de la vivienda, el hijo de Al-Sistani, Mohamed Rida, esper\u00f3 a Francisco para entrar juntos al lugar.<\/p>\n\n\n\n<p>Al llegar desde Bagdad al aeropuerto de Najaf, un enorme cartel con la cara del Papa y del Ayatol\u00e1 y la leyenda \" ustedes son un pedazo de nosotros y nosotros somos una parte de ustedes\" recibi\u00f3 a Francisco en la ciudad del Sur del pa\u00eds.<\/p>\n\n\n\n<p>La reuni\u00f3n de este s\u00e1bado, primera etapa de su segundo d\u00eda de actividades, complementa el acercamiento que Francisco tuvo hace dos a\u00f1os con la rama dominante el islam mundial, el sunismo, cuando -en febrero de 2019- firm\u00f3 el denominado \"Documento por la Fraternidad Mundial\" con el im\u00e1n Ahmed al Tayeb de la mezquita Al Azhar de El Cairo, la m\u00e1xima autoridad del islam sunnita.<\/p>\n\n\n\n<p>Con su rezo de este s\u00e1bado en el que el Papa encabez\u00f3 un encuentro interreligioso para pedir la unidad de las religiones contra el extremismo, Francisco logr\u00f3 el viejo anhelo de los 265 pont\u00edfices que lo precedieron: visitar la ciudad que, seg\u00fan la Biblia, fue la tierra del Patriarca Abraham, s\u00edmbolo de uni\u00f3n entre cristianos, jud\u00edos y musulmanes.<\/p>\n\n\n\n<p>Desde ah\u00ed convoc\u00f3 a l\u00edderes de otros credos a \"dar voz al grito de los oprimidos y de los descartados del planeta\" en un contexto en el que \"demasiados carecen de pan, medicinas, educaci\u00f3n, derechos y dignidad\".<\/p>\n\n\n\n<p>\"Extremismo y violencia no nacen de un esp\u00edritu religioso; son traiciones a la religi\u00f3n. Y nosotros creyentes no podemos callar cuando el terrorismo abusa de la religi\u00f3n\", plante\u00f3 el Papa en su discurso, a metros de la que seg\u00fan la tradici\u00f3n m\u00e1s extendida de la Biblia fue la tierra de origen del Patriarca, que es punto de uni\u00f3n de cristianos, jud\u00edos y musulmanes, a unos 150 kil\u00f3metros de la capital Bagdad.<\/p>\n\n\n\n<p>\"Es m\u00e1s, nos corresponde a nosotros resolver con claridad los malentendidos\", pidi\u00f3 Jorge Bergoglio.<\/p>\n","protected":false},"excerpt":{"rendered":"<p>En el marco de su segundo d\u00eda de actividades, el Papa mantuvo un encuentro con la m\u00e1xima autoridad del islam chiita, con quien resalt\u00f3 la importancia del di\u00e1logo interreligioso para la unidad nacional. C\u00f3mo sigue su agenda. En su segundo d\u00eda de actividades en Irak, el papa Francisco se reuni\u00f3 este s\u00e1bado en Najaf, 150 [&hellip;]<\/p>\n","protected":false},"author":5,"featured_media":290336,"comment_status":"open","ping_status":"open","sticky":false,"template":"","format":"standard","meta":{"_stopmodifiedupdate":false,"_modified_date":"","inline_featured_image":false,"spay_email":"","jetpack_publicize_message":""},"categories":[6],"tags":[],"jetpack_featured_media_url":"https:\/\/notinor.com\/jujuy\/wp-content\/uploads\/2021\/03\/FRANCISCO-2.jpg","jetpack_publicize_connections":[],"_links":{"self":[{"href":"https:\/\/notinor.com\/jujuy\/wp-json\/wp\/v2\/posts\/290335"}],"collection":[{"href":"https:\/\/notinor.com\/jujuy\/wp-json\/wp\/v2\/posts"}],"about":[{"href":"https:\/\/notinor.com\/jujuy\/wp-json\/wp\/v2\/types\/post"}],"author":[{"embeddable":true,"href":"https:\/\/notinor.com\/jujuy\/wp-json\/wp\/v2\/users\/5"}],"replies":[{"embeddable":true,"href":"https:\/\/notinor.com\/jujuy\/wp-json\/wp\/v2\/comments?post=290335"}],"version-history":[{"count":1,"href":"https:\/\/notinor.com\/jujuy\/wp-json\/wp\/v2\/posts\/290335\/revisions"}],"predecessor-version":[{"id":290338,"href":"https:\/\/notinor.com\/jujuy\/wp-json\/wp\/v2\/posts\/290335\/revisions\/290338"}],"wp:featuredmedia":[{"embeddable":true,"href":"https:\/\/notinor.com\/jujuy\/wp-json\/wp\/v2\/media\/290336"}],"wp:attachment":[{"href":"https:\/\/notinor.com\/jujuy\/wp-json\/wp\/v2\/media?parent=290335"}],"wp:term":[{"taxonomy":"category","embeddable":true,"href":"https:\/\/notinor.com\/jujuy\/wp-json\/wp\/v2\/categories?post=290335"},{"taxonomy":"post_tag","embeddable":true,"href":"https:\/\/notinor.com\/jujuy\/wp-json\/wp\/v2\/tags?post=290335"}],"curies":[{"name":"wp","href":"https:\/\/api.w.org\/{rel}","templated":true}]}}