{"id":290328,"date":"2021-03-06T11:15:38","date_gmt":"2021-03-06T14:15:38","guid":{"rendered":"https:\/\/notinor.com\/jujuy\/?p=290328"},"modified":"2021-03-06T11:15:43","modified_gmt":"2021-03-06T14:15:43","slug":"18-heridos-en-una-protesta-contra-el-gobierno-por-su-gestion-de-la-pandemia","status":"publish","type":"post","link":"https:\/\/notinor.com\/jujuy\/18-heridos-en-una-protesta-contra-el-gobierno-por-su-gestion-de-la-pandemia\/","title":{"rendered":"18 heridos en una protesta contra el Gobierno por su gesti\u00f3n de la pandemia"},"content":{"rendered":"\n<p>Los incidentes tuvieron lugar en el centro de Asunci\u00f3n. La convocatoria hab\u00eda sido hecha a trav\u00e9s de las redes bajo el lema \"EstoyparaelMarzoparaguayo2021\", sin que llamaran a movilizarse partidos pol\u00edticos ni organizaciones.<\/p>\n\n\n\n<div class=\"wp-block-image\"><figure class=\"aligncenter size-large\"><img decoding=\"async\" loading=\"lazy\" width=\"502\" height=\"480\" src=\"https:\/\/notinor.com\/jujuy\/wp-content\/uploads\/2021\/03\/PARAGUAY-1-502x480.jpg\" alt=\"\" class=\"wp-image-290332\" srcset=\"https:\/\/notinor.com\/jujuy\/wp-content\/uploads\/2021\/03\/PARAGUAY-1-502x480.jpg 502w, https:\/\/notinor.com\/jujuy\/wp-content\/uploads\/2021\/03\/PARAGUAY-1-382x365.jpg 382w, https:\/\/notinor.com\/jujuy\/wp-content\/uploads\/2021\/03\/PARAGUAY-1.jpg 750w\" sizes=\"(max-width: 502px) 100vw, 502px\" \/><\/figure><\/div>\n\n\n\n<p>Al menos 18 personas resultaron heridas en las \u00faltimas horas en una manifestaci\u00f3n en el centro de Asunci\u00f3n, contra el Gobierno de Paraguay y su gesti\u00f3n de la pandemia, que termin\u00f3 en enfrentamientos con la polic\u00eda y una represi\u00f3n.<\/p>\n\n\n\n<p>El diario ABC menciona tambi\u00e9n un fallecido, identificado como Alejandro Daniel Florent\u00edn, de 32 a\u00f1os, aunque el portal Hoy indica que la muerte no est\u00e1 vinculada a los enfrentamientos, sino a un hecho policial en un domicilio ubicado en misma zona donde se produjeron los incidentes.<\/p>\n\n\n\n<p>La jefa de Relaciones P\u00fablicas de la Polic\u00eda Nacional, Elena Andrada, tambi\u00e9n manifest\u00f3 que el fallecido no tiene relaci\u00f3n con la manifestaci\u00f3n, seg\u00fan reproduce la televisi\u00f3n de paraguay GEN.<\/p>\n\n\n\n<p>La manifestaci\u00f3n, en un principio pac\u00edfica, hab\u00eda sido convocada junto al Congreso Nacional para exigir la dimisi\u00f3n del presidente, Mario Abdo Ben\u00edtez, por la gesti\u00f3n de la pandemia.<\/p>\n\n\n\n<p>La protesta se difundi\u00f3 en redes sociales bajo el lema \"EstoyparaelMarzoparaguayo2021\" \u2013una consigna que remit\u00eda al Marzo Paraguayo de 1999, un mes de protestas intensas- y sin que llamaran a movilizarse partidos pol\u00edticos ni organizaciones.<\/p>\n\n\n\n<p>\u00bfC\u00f3mo se origin\u00f3 todo?<\/p>\n\n\n\n<p>De acuerdo a los diarios ABC y \u00daltima Hora, al menos dos j\u00f3venes encapuchados llamaron a avanzar contra un vallado policial y los agentes reaccionaron disparando balas de goma y gases lacrim\u00f3genos a la multitud.<\/p>\n\n\n\n<p>Esto inici\u00f3 los enfrentamientos que duraron varios minutos con los manifestantes lanzando cascotes y piedras como respuesta a la represi\u00f3n.<\/p>\n\n\n\n<p>Los medios locales reportan al menos 18 heridos, aunque la \u00fanica confirmaci\u00f3n oficial es un comunicado de la Polic\u00eda que menciona solamente a los 12 agentes lesionados.<\/p>\n\n\n\n<p>Por su parte, el ministro del Interior, Arnaldo Giuzzio, declar\u00f3 a medios locales que el presidente Abdo Ben\u00edtez expres\u00f3 su preocupaci\u00f3n por los enfrentamientos, y asegur\u00f3 que la violencia fue provocada por un grupo que no formaba parte de los manifestantes.<\/p>\n\n\n\n<p>La oposici\u00f3n, por otro lado, responsabiliz\u00f3 al mandatario y dijo que hay razones para impulsar un juicio pol\u00edtico \"por mal desempe\u00f1o de sus funciones\".<\/p>\n\n\n\n<p>La manifestaci\u00f3n se convoc\u00f3 en medio de cuestionamientos a la gesti\u00f3n de la pandemia que derivaron ayer en la renuncia del ministro de Salud, Julio Mazzoleni.<\/p>\n\n\n\n<p>\u00bfQu\u00e9 se exige?<\/p>\n\n\n\n<p>Entre las pol\u00e9micas que rodean la gesti\u00f3n del Gobierno se encuentra la falta de medicamentos y suministros en los hospitales para tratar a los pacientes de coronavirus, inform\u00f3 la agencia de noticias Europa Press.<\/p>\n\n\n\n<p>Esta semana, la Asociaci\u00f3n Paraguaya de Enfermer\u00eda (APE) exigi\u00f3 al Gobierno la pronta adquisici\u00f3n de insumos y medicamentos, y el C\u00edrculo Paraguayo de M\u00e9dicos consider\u00f3 que debe disponerse una cuarentena total frente a este estado de insostenibilidad en los servicios p\u00fablicos.<\/p>\n\n\n\n<figure class=\"wp-block-image size-large\"><img decoding=\"async\" loading=\"lazy\" width=\"750\" height=\"436\" src=\"https:\/\/notinor.com\/jujuy\/wp-content\/uploads\/2021\/03\/PARAGUAY-2.jpg\" alt=\"\" class=\"wp-image-290333\" srcset=\"https:\/\/notinor.com\/jujuy\/wp-content\/uploads\/2021\/03\/PARAGUAY-2.jpg 750w, https:\/\/notinor.com\/jujuy\/wp-content\/uploads\/2021\/03\/PARAGUAY-2-628x365.jpg 628w\" sizes=\"(max-width: 750px) 100vw, 750px\" \/><\/figure>\n","protected":false},"excerpt":{"rendered":"<p>Los incidentes tuvieron lugar en el centro de Asunci\u00f3n. La convocatoria hab\u00eda sido hecha a trav\u00e9s de las redes bajo el lema \"EstoyparaelMarzoparaguayo2021\", sin que llamaran a movilizarse partidos pol\u00edticos ni organizaciones. Al menos 18 personas resultaron heridas en las \u00faltimas horas en una manifestaci\u00f3n en el centro de Asunci\u00f3n, contra el Gobierno de Paraguay [&hellip;]<\/p>\n","protected":false},"author":5,"featured_media":290331,"comment_status":"open","ping_status":"open","sticky":false,"template":"","format":"standard","meta":{"_stopmodifiedupdate":false,"_modified_date":"","inline_featured_image":false,"spay_email":"","jetpack_publicize_message":""},"categories":[6],"tags":[],"jetpack_featured_media_url":"https:\/\/notinor.com\/jujuy\/wp-content\/uploads\/2021\/03\/PARAGUAY.jpg","jetpack_publicize_connections":[],"_links":{"self":[{"href":"https:\/\/notinor.com\/jujuy\/wp-json\/wp\/v2\/posts\/290328"}],"collection":[{"href":"https:\/\/notinor.com\/jujuy\/wp-json\/wp\/v2\/posts"}],"about":[{"href":"https:\/\/notinor.com\/jujuy\/wp-json\/wp\/v2\/types\/post"}],"author":[{"embeddable":true,"href":"https:\/\/notinor.com\/jujuy\/wp-json\/wp\/v2\/users\/5"}],"replies":[{"embeddable":true,"href":"https:\/\/notinor.com\/jujuy\/wp-json\/wp\/v2\/comments?post=290328"}],"version-history":[{"count":1,"href":"https:\/\/notinor.com\/jujuy\/wp-json\/wp\/v2\/posts\/290328\/revisions"}],"predecessor-version":[{"id":290334,"href":"https:\/\/notinor.com\/jujuy\/wp-json\/wp\/v2\/posts\/290328\/revisions\/290334"}],"wp:featuredmedia":[{"embeddable":true,"href":"https:\/\/notinor.com\/jujuy\/wp-json\/wp\/v2\/media\/290331"}],"wp:attachment":[{"href":"https:\/\/notinor.com\/jujuy\/wp-json\/wp\/v2\/media?parent=290328"}],"wp:term":[{"taxonomy":"category","embeddable":true,"href":"https:\/\/notinor.com\/jujuy\/wp-json\/wp\/v2\/categories?post=290328"},{"taxonomy":"post_tag","embeddable":true,"href":"https:\/\/notinor.com\/jujuy\/wp-json\/wp\/v2\/tags?post=290328"}],"curies":[{"name":"wp","href":"https:\/\/api.w.org\/{rel}","templated":true}]}}