{"id":289155,"date":"2021-02-25T12:32:18","date_gmt":"2021-02-25T15:32:18","guid":{"rendered":"https:\/\/notinor.com\/jujuy\/?p=289155"},"modified":"2021-02-25T12:32:23","modified_gmt":"2021-02-25T15:32:23","slug":"hallaron-a-la-joven-ingrid-damaris-cruz-en-buenos-aires","status":"publish","type":"post","link":"https:\/\/notinor.com\/jujuy\/hallaron-a-la-joven-ingrid-damaris-cruz-en-buenos-aires\/","title":{"rendered":"Hallaron a la joven INGRID DAMARIS CRUZ en buenos aires"},"content":{"rendered":"\n<div class=\"wp-block-image\"><figure class=\"aligncenter is-resized\"><img decoding=\"async\" loading=\"lazy\" src=\"https:\/\/media.jujuyalmomento.com\/p\/c506177117b8a98569df8b05012945d6\/adjuntos\/260\/imagenes\/001\/834\/0001834505\/151499144_210053830877630_3210485240276778844_ojpg.jpg\" alt=\"B\u00fasqueda de Ingrid Damaris Cruz: Fue a un trabajo, no volvi\u00f3 y su familia  teme lo peor\" width=\"804\" height=\"451\"\/><\/figure><\/div>\n\n\n\n<p>Aun se desconoce las circunstancias en que fue habida y su estado de salud, trabajan polic\u00eda de la provincia conjuntamente con sus pares de la polic\u00eda federal. La joven de 18 a\u00f1os hab\u00eda conseguido trabajo el jueves 18 pasado y el d\u00eda viernes se ten\u00eda que presentar a su primer d\u00eda. Desde ah\u00ed la \u00fanica comunicaci\u00f3n fue a trav\u00e9s de un llamado que Damaris le habr\u00eda hecho a una prima donde le dijo que no la busquen.<\/p>\n","protected":false},"excerpt":{"rendered":"<p>Aun se desconoce las circunstancias en que fue habida y su estado de salud, trabajan polic\u00eda de la provincia conjuntamente con sus pares de la polic\u00eda federal. La joven de 18 a\u00f1os hab\u00eda conseguido trabajo el jueves 18 pasado y el d\u00eda viernes se ten\u00eda que presentar a su primer d\u00eda. Desde ah\u00ed la \u00fanica [&hellip;]<\/p>\n","protected":false},"author":40,"featured_media":289156,"comment_status":"open","ping_status":"open","sticky":false,"template":"","format":"standard","meta":{"_stopmodifiedupdate":false,"_modified_date":"","inline_featured_image":false,"spay_email":"","jetpack_publicize_message":""},"categories":[2],"tags":[],"jetpack_featured_media_url":"https:\/\/notinor.com\/jujuy\/wp-content\/uploads\/2021\/02\/151499144_210053830877630_3210485240276778844_ojpg.jpg","jetpack_publicize_connections":[],"_links":{"self":[{"href":"https:\/\/notinor.com\/jujuy\/wp-json\/wp\/v2\/posts\/289155"}],"collection":[{"href":"https:\/\/notinor.com\/jujuy\/wp-json\/wp\/v2\/posts"}],"about":[{"href":"https:\/\/notinor.com\/jujuy\/wp-json\/wp\/v2\/types\/post"}],"author":[{"embeddable":true,"href":"https:\/\/notinor.com\/jujuy\/wp-json\/wp\/v2\/users\/40"}],"replies":[{"embeddable":true,"href":"https:\/\/notinor.com\/jujuy\/wp-json\/wp\/v2\/comments?post=289155"}],"version-history":[{"count":1,"href":"https:\/\/notinor.com\/jujuy\/wp-json\/wp\/v2\/posts\/289155\/revisions"}],"predecessor-version":[{"id":289157,"href":"https:\/\/notinor.com\/jujuy\/wp-json\/wp\/v2\/posts\/289155\/revisions\/289157"}],"wp:featuredmedia":[{"embeddable":true,"href":"https:\/\/notinor.com\/jujuy\/wp-json\/wp\/v2\/media\/289156"}],"wp:attachment":[{"href":"https:\/\/notinor.com\/jujuy\/wp-json\/wp\/v2\/media?parent=289155"}],"wp:term":[{"taxonomy":"category","embeddable":true,"href":"https:\/\/notinor.com\/jujuy\/wp-json\/wp\/v2\/categories?post=289155"},{"taxonomy":"post_tag","embeddable":true,"href":"https:\/\/notinor.com\/jujuy\/wp-json\/wp\/v2\/tags?post=289155"}],"curies":[{"name":"wp","href":"https:\/\/api.w.org\/{rel}","templated":true}]}}