{"id":289151,"date":"2021-02-25T12:14:43","date_gmt":"2021-02-25T15:14:43","guid":{"rendered":"https:\/\/notinor.com\/jujuy\/?p=289151"},"modified":"2021-02-25T12:14:48","modified_gmt":"2021-02-25T15:14:48","slug":"masterchef-dani-la-chepi-lloro-al-recordar-la-tremenda-enfermedad-de-su-padre","status":"publish","type":"post","link":"https:\/\/notinor.com\/jujuy\/masterchef-dani-la-chepi-lloro-al-recordar-la-tremenda-enfermedad-de-su-padre\/","title":{"rendered":"Masterchef: Dani La Chepi llor\u00f3 al recordar la tremenda enfermedad de su padre"},"content":{"rendered":"\n<p>Masterchef vivi\u00f3 la tercera noche de su segunda temporada. El conductor\u00a0<strong>Santiago del Moro<\/strong>\u00a0arranc\u00f3 explicando que se trataba de un mi\u00e9rcoles de \u201c<em>medallas y de beneficios<\/em>\u201d.<\/p>\n\n\n\n<div class=\"wp-block-image\"><figure class=\"aligncenter is-resized\"><img decoding=\"async\" loading=\"lazy\" src=\"https:\/\/cdn.ciudad.com.ar\/sites\/default\/files\/nota_video\/2021\/02\/24\/german-martitegui-dani-la-chepi-masterchef.jpg\" alt=\"El llanto de Dani La Chepi al escuchar la devoluci\u00f3n de Martitegui en  MasterChef Celebrity 2: &quot;Tiene sabor a familia&quot; - Ciudad Magazine\" width=\"987\" height=\"555\"\/><\/figure><\/div>\n\n\n\n<p>Luego pas\u00f3 a mostrarles una enorme caja negra con la que hoy sorprendieron a los participantes. Es que\u00a0<strong>se encontraron con que compet\u00edan por duplas y que deb\u00edan pagar todo lo que sacaran del mercado<\/strong>.<\/p>\n\n\n\n<p>\u201c<em>Hoy por primera vez van a cocinar en duplas que ser\u00e1n elegidas al azar jugando al cara o seca. El mejor plato se lleva la medalla dorada y el peor plato pasa directo a la gala de eliminaci\u00f3n<\/em>\u201d, sostuvo el conductor.<\/p>\n\n\n\n<p>Sin lugar a dudas\u00a0<strong><a href=\"https:\/\/www.paparazzi.com.ar\/tag\/dani-la-chepi\/\">Dani la Chepi<\/a><\/strong>\u00a0se luci\u00f3 con su pollo, pero tuvo un inconveniente.\u00a0<strong>A la preparaci\u00f3n le sum\u00f3 unos esp\u00e1rragos que para sorpresa de los jurados estaban sin la cabeza<\/strong>\u2026 o sea lo m\u00e1s rico de la verdura. Las caras de horror de\u00a0<strong>Donato, Dami\u00e1n y Germ\u00e1n<\/strong>\u00a0eran muy dif\u00edciles de disimular.<\/p>\n\n\n\n<p>\u201cEs que nunca cocin\u00e9 un esp\u00e1rrago en mi vida. Lo prob\u00e9 hoy y me gust\u00f3 mucho, capaz que con la cabecita es m\u00e1s rico\u201d, confes\u00f3 La Chepi provocando las risas de todos en el piso. Pero una vez sorteado el desperfecto t\u00e9cnico desbord\u00f3 en l\u00e1grimas.<\/p>\n\n\n\n<p>Es que la devoluci\u00f3n del jurado la hizo emocionar. Las palabras de German le recordaron la dura enfermedad por la que atraviesa su pap\u00e1. \u201cAl probarlo me record\u00f3 a comida rica de casa, a familia\u201d, fue lo que le dijo el chef para hacerla estallar en un mar de l\u00e1grimas.<\/p>\n\n\n\n<div class=\"wp-block-image\"><figure class=\"aligncenter is-resized\"><img decoding=\"async\" loading=\"lazy\" src=\"https:\/\/www.paparazzi.com.ar\/wp-content\/uploads\/2021\/02\/sdsafsaffsaf-1024x595.jpg\" alt=\"\" width=\"816\" height=\"475\"\/><\/figure><\/div>\n\n\n\n<p>Fue tal el llanto que Martitegui le pregunt\u00f3 qu\u00e9 fue lo que la hizo emocionar as\u00ed. \u201cQue tiene sabor a familia\u201d, le respondi\u00f3 La Chepi. Es que \u201cmi pap\u00e1 cocinaba mucho, ahora ya no puede cocinar m\u00e1s\u201d, agreg\u00f3 visiblemente conmovida.<\/p>\n\n\n\n<p>\u201cLa salsa esa me lleva a mi viejo. \u00c9l tuvo un ACV cuando yo qued\u00e9 embarazada de mi hija. Desde hace 8 a\u00f1os esta postrado y es dur\u00edsimo\u201d, record\u00f3 entre l\u00e1grimas La Chepi.<\/p>\n\n\n\n<p><\/p>\n","protected":false},"excerpt":{"rendered":"<p>Masterchef vivi\u00f3 la tercera noche de su segunda temporada. El conductor\u00a0Santiago del Moro\u00a0arranc\u00f3 explicando que se trataba de un mi\u00e9rcoles de \u201cmedallas y de beneficios\u201d. Luego pas\u00f3 a mostrarles una enorme caja negra con la que hoy sorprendieron a los participantes. Es que\u00a0se encontraron con que compet\u00edan por duplas y que deb\u00edan pagar todo lo [&hellip;]<\/p>\n","protected":false},"author":40,"featured_media":289153,"comment_status":"open","ping_status":"open","sticky":false,"template":"","format":"standard","meta":{"_stopmodifiedupdate":false,"_modified_date":"","inline_featured_image":false,"spay_email":"","jetpack_publicize_message":""},"categories":[21],"tags":[],"jetpack_featured_media_url":"https:\/\/notinor.com\/jujuy\/wp-content\/uploads\/2021\/02\/chepijpg.jpg","jetpack_publicize_connections":[],"_links":{"self":[{"href":"https:\/\/notinor.com\/jujuy\/wp-json\/wp\/v2\/posts\/289151"}],"collection":[{"href":"https:\/\/notinor.com\/jujuy\/wp-json\/wp\/v2\/posts"}],"about":[{"href":"https:\/\/notinor.com\/jujuy\/wp-json\/wp\/v2\/types\/post"}],"author":[{"embeddable":true,"href":"https:\/\/notinor.com\/jujuy\/wp-json\/wp\/v2\/users\/40"}],"replies":[{"embeddable":true,"href":"https:\/\/notinor.com\/jujuy\/wp-json\/wp\/v2\/comments?post=289151"}],"version-history":[{"count":1,"href":"https:\/\/notinor.com\/jujuy\/wp-json\/wp\/v2\/posts\/289151\/revisions"}],"predecessor-version":[{"id":289154,"href":"https:\/\/notinor.com\/jujuy\/wp-json\/wp\/v2\/posts\/289151\/revisions\/289154"}],"wp:featuredmedia":[{"embeddable":true,"href":"https:\/\/notinor.com\/jujuy\/wp-json\/wp\/v2\/media\/289153"}],"wp:attachment":[{"href":"https:\/\/notinor.com\/jujuy\/wp-json\/wp\/v2\/media?parent=289151"}],"wp:term":[{"taxonomy":"category","embeddable":true,"href":"https:\/\/notinor.com\/jujuy\/wp-json\/wp\/v2\/categories?post=289151"},{"taxonomy":"post_tag","embeddable":true,"href":"https:\/\/notinor.com\/jujuy\/wp-json\/wp\/v2\/tags?post=289151"}],"curies":[{"name":"wp","href":"https:\/\/api.w.org\/{rel}","templated":true}]}}