{"id":289144,"date":"2021-02-25T12:06:55","date_gmt":"2021-02-25T15:06:55","guid":{"rendered":"https:\/\/notinor.com\/jujuy\/?p=289144"},"modified":"2021-02-25T12:07:00","modified_gmt":"2021-02-25T15:07:00","slug":"inscriben-para-vacuna-covid-19-en-monterrico","status":"publish","type":"post","link":"https:\/\/notinor.com\/jujuy\/inscriben-para-vacuna-covid-19-en-monterrico\/","title":{"rendered":"Inscriben para Vacuna Covid-19 en Monterrico"},"content":{"rendered":"\n<p>Desde hoy, el Municipio de Monterrico, inscribe a interesados en la vacuna para Covid en el CIC del barrio 25 de Mayo de Monterrico. <\/p>\n\n\n\n<div class=\"wp-block-image\"><figure class=\"aligncenter size-large is-resized\"><img decoding=\"async\" loading=\"lazy\" src=\"https:\/\/notinor.com\/jujuy\/wp-content\/uploads\/2021\/02\/WhatsApp-Image-2021-02-25-at-11.49.05.jpeg\" alt=\"\" class=\"wp-image-289145\" width=\"727\" height=\"410\"\/><\/figure><\/div>\n\n\n\n<p>Las personas que pueden inscribirse: Adultos Mayores y personal de residencias de larga estad\u00eda. Personal con discapacidad, con certificado \u00fanico de discapacidad (CUD) con indicaci\u00f3n de vacuna para Covid. Mayores de 60 a\u00f1os, sin l\u00edmite de edad. Personas entre 18 y 59 a\u00f1os, que presenten Comorbilidades como: Antecedentes respiratorios, Diabetes, Obesidad m\u00f3rbida e hipertensi\u00f3n.<\/p>\n","protected":false},"excerpt":{"rendered":"<p>Desde hoy, el Municipio de Monterrico, inscribe a interesados en la vacuna para Covid en el CIC del barrio 25 de Mayo de Monterrico. Las personas que pueden inscribirse: Adultos Mayores y personal de residencias de larga estad\u00eda. Personal con discapacidad, con certificado \u00fanico de discapacidad (CUD) con indicaci\u00f3n de vacuna para Covid. Mayores de [&hellip;]<\/p>\n","protected":false},"author":40,"featured_media":289147,"comment_status":"open","ping_status":"open","sticky":false,"template":"","format":"standard","meta":{"_stopmodifiedupdate":false,"_modified_date":"","inline_featured_image":false,"spay_email":"","jetpack_publicize_message":""},"categories":[4],"tags":[],"jetpack_featured_media_url":"https:\/\/notinor.com\/jujuy\/wp-content\/uploads\/2021\/02\/WhatsApp-Image-2021-02-25-at-11.49.05-2.jpeg","jetpack_publicize_connections":[],"_links":{"self":[{"href":"https:\/\/notinor.com\/jujuy\/wp-json\/wp\/v2\/posts\/289144"}],"collection":[{"href":"https:\/\/notinor.com\/jujuy\/wp-json\/wp\/v2\/posts"}],"about":[{"href":"https:\/\/notinor.com\/jujuy\/wp-json\/wp\/v2\/types\/post"}],"author":[{"embeddable":true,"href":"https:\/\/notinor.com\/jujuy\/wp-json\/wp\/v2\/users\/40"}],"replies":[{"embeddable":true,"href":"https:\/\/notinor.com\/jujuy\/wp-json\/wp\/v2\/comments?post=289144"}],"version-history":[{"count":1,"href":"https:\/\/notinor.com\/jujuy\/wp-json\/wp\/v2\/posts\/289144\/revisions"}],"predecessor-version":[{"id":289149,"href":"https:\/\/notinor.com\/jujuy\/wp-json\/wp\/v2\/posts\/289144\/revisions\/289149"}],"wp:featuredmedia":[{"embeddable":true,"href":"https:\/\/notinor.com\/jujuy\/wp-json\/wp\/v2\/media\/289147"}],"wp:attachment":[{"href":"https:\/\/notinor.com\/jujuy\/wp-json\/wp\/v2\/media?parent=289144"}],"wp:term":[{"taxonomy":"category","embeddable":true,"href":"https:\/\/notinor.com\/jujuy\/wp-json\/wp\/v2\/categories?post=289144"},{"taxonomy":"post_tag","embeddable":true,"href":"https:\/\/notinor.com\/jujuy\/wp-json\/wp\/v2\/tags?post=289144"}],"curies":[{"name":"wp","href":"https:\/\/api.w.org\/{rel}","templated":true}]}}