{"id":288905,"date":"2021-02-24T10:37:52","date_gmt":"2021-02-24T13:37:52","guid":{"rendered":"https:\/\/notinor.com\/jujuy\/?p=288905"},"modified":"2021-02-24T10:37:57","modified_gmt":"2021-02-24T13:37:57","slug":"un-jubilado-fue-golpeado-brutalmente-por-policias-en-jujuy","status":"publish","type":"post","link":"https:\/\/notinor.com\/jujuy\/un-jubilado-fue-golpeado-brutalmente-por-policias-en-jujuy\/","title":{"rendered":"Un jubilado fue golpeado brutalmente por policias en Jujuy"},"content":{"rendered":"\n<p>Un hecho de caracter\u00edstica inhumana fue protagonizado por un agente y un cabo primero pese a estar en el lugar un oficial principal que nada hizo para evitar que un hombre de 67 a\u00f1os sea golpeado.<\/p>\n\n\n\n<div class=\"wp-block-image\"><figure class=\"aligncenter is-resized\"><img decoding=\"async\" loading=\"lazy\" src=\"https:\/\/us.cdn.eltribuno.com\/022021\/1614130078833.jpg?cw=600&amp;ch=365\" alt=\"Polic\u00edas agredieron violentamente a jubilado\" width=\"861\" height=\"524\"\/><\/figure><\/div>\n\n\n\n<p>Jos\u00e9 Rolando Paredes, no puede entender que esta nueva generaci\u00f3n act\u00fae con una desmesurada violencia, \"especialmente si se tiene en cuenta que soy un hombre grande y enfermo\" afirm\u00f3.<\/p>\n\n\n\n<p>La v\u00edctima de abuso policial indic\u00f3 que el viernes, con un viejo y destartalado cami\u00f3n, realiz\u00f3 varios viajes de piedra y ripio para un vecino desde El Carmen al barrio Alto Comedero.<\/p>\n\n\n\n<p>En su \u00faltimo viaje, acompa\u00f1ado del hijo de 10 a\u00f1os y sin comer, fue detenido cerca de Los Alisos \"donde est\u00e1 la base de los misiles antigranizos\" aclar\u00f3 y \"all\u00ed es donde fui golpeado de manera inusitada por el solo hecho de no tener el certificado de la revisi\u00f3n t\u00e9cnica vehicular a\u00fan cuando estaba pegado en el parabrisas la oblea correspondiente\".<\/p>\n\n\n\n<p>\"Entregu\u00e9 todos los papeles y de repente un agente comenz\u00f3 a maltratarme sin sentido\" relat\u00f3 Paredes, agregando que \"ten\u00eda toda la documentaci\u00f3n tanto del cami\u00f3n como la personal y sin embargo lo mismo me agredi\u00f3 ordenandome que descienda del cami\u00f3n a los gritos, como si fuera un delincuente, por el solo hecho de no tener el certificado de la RTV\".<\/p>\n\n\n\n<p>Aclar\u00f3 que pese a la orden del fiscal Rivero de que le den la libertad lo tuvieron hasta las 22 horas. El s\u00e1bado como consecuencia de los dolores en el cuerpo fue atendido por las doctoras Paula Falcone y Aguilera en el hospital \"Snopek\"<\/p>\n","protected":false},"excerpt":{"rendered":"<p>Un hecho de caracter\u00edstica inhumana fue protagonizado por un agente y un cabo primero pese a estar en el lugar un oficial principal que nada hizo para evitar que un hombre de 67 a\u00f1os sea golpeado. Jos\u00e9 Rolando Paredes, no puede entender que esta nueva generaci\u00f3n act\u00fae con una desmesurada violencia, \"especialmente si se tiene [&hellip;]<\/p>\n","protected":false},"author":40,"featured_media":288919,"comment_status":"open","ping_status":"open","sticky":false,"template":"","format":"standard","meta":{"_stopmodifiedupdate":false,"_modified_date":"","inline_featured_image":false,"spay_email":"","jetpack_publicize_message":""},"categories":[3],"tags":[],"jetpack_featured_media_url":"https:\/\/notinor.com\/jujuy\/wp-content\/uploads\/2021\/02\/1614130078833.jpg","jetpack_publicize_connections":[],"_links":{"self":[{"href":"https:\/\/notinor.com\/jujuy\/wp-json\/wp\/v2\/posts\/288905"}],"collection":[{"href":"https:\/\/notinor.com\/jujuy\/wp-json\/wp\/v2\/posts"}],"about":[{"href":"https:\/\/notinor.com\/jujuy\/wp-json\/wp\/v2\/types\/post"}],"author":[{"embeddable":true,"href":"https:\/\/notinor.com\/jujuy\/wp-json\/wp\/v2\/users\/40"}],"replies":[{"embeddable":true,"href":"https:\/\/notinor.com\/jujuy\/wp-json\/wp\/v2\/comments?post=288905"}],"version-history":[{"count":1,"href":"https:\/\/notinor.com\/jujuy\/wp-json\/wp\/v2\/posts\/288905\/revisions"}],"predecessor-version":[{"id":288920,"href":"https:\/\/notinor.com\/jujuy\/wp-json\/wp\/v2\/posts\/288905\/revisions\/288920"}],"wp:featuredmedia":[{"embeddable":true,"href":"https:\/\/notinor.com\/jujuy\/wp-json\/wp\/v2\/media\/288919"}],"wp:attachment":[{"href":"https:\/\/notinor.com\/jujuy\/wp-json\/wp\/v2\/media?parent=288905"}],"wp:term":[{"taxonomy":"category","embeddable":true,"href":"https:\/\/notinor.com\/jujuy\/wp-json\/wp\/v2\/categories?post=288905"},{"taxonomy":"post_tag","embeddable":true,"href":"https:\/\/notinor.com\/jujuy\/wp-json\/wp\/v2\/tags?post=288905"}],"curies":[{"name":"wp","href":"https:\/\/api.w.org\/{rel}","templated":true}]}}