{"id":287526,"date":"2021-02-11T18:59:24","date_gmt":"2021-02-11T21:59:24","guid":{"rendered":"https:\/\/notinor.com\/jujuy\/?p=287526"},"modified":"2021-02-11T18:59:29","modified_gmt":"2021-02-11T21:59:29","slug":"manana-inauguraran-el-nuevo-centro-regional-de-hemoterapia","status":"publish","type":"post","link":"https:\/\/notinor.com\/jujuy\/manana-inauguraran-el-nuevo-centro-regional-de-hemoterapia\/","title":{"rendered":"Ma\u00f1ana inaugurar\u00e1n el nuevo Centro Regional de Hemoterapia"},"content":{"rendered":"\n<p>El acto se llevar\u00e1 adelante con la presencial del gobernador Gerardo Morales y el ministro de Salud de la Naci\u00f3n, Gin\u00e9s Gonz\u00e1lez Garc\u00eda.<\/p>\n\n\n\n<figure class=\"wp-block-image size-large\"><img decoding=\"async\" loading=\"lazy\" width=\"840\" height=\"471\" src=\"https:\/\/notinor.com\/jujuy\/wp-content\/uploads\/2021\/02\/nuevo-edificio-hemoterapia-840x471.jpg\" alt=\"\" class=\"wp-image-287527\" srcset=\"https:\/\/notinor.com\/jujuy\/wp-content\/uploads\/2021\/02\/nuevo-edificio-hemoterapia-840x471.jpg 840w, https:\/\/notinor.com\/jujuy\/wp-content\/uploads\/2021\/02\/nuevo-edificio-hemoterapia-651x365.jpg 651w, https:\/\/notinor.com\/jujuy\/wp-content\/uploads\/2021\/02\/nuevo-edificio-hemoterapia-500x280.jpg 500w, https:\/\/notinor.com\/jujuy\/wp-content\/uploads\/2021\/02\/nuevo-edificio-hemoterapia-768x431.jpg 768w, https:\/\/notinor.com\/jujuy\/wp-content\/uploads\/2021\/02\/nuevo-edificio-hemoterapia-750x421.jpg 750w, https:\/\/notinor.com\/jujuy\/wp-content\/uploads\/2021\/02\/nuevo-edificio-hemoterapia-1140x639.jpg 1140w, https:\/\/notinor.com\/jujuy\/wp-content\/uploads\/2021\/02\/nuevo-edificio-hemoterapia.jpg 1200w\" sizes=\"(max-width: 840px) 100vw, 840px\" \/><\/figure>\n\n\n\n<p>Inmersos en el marco de la pandemia por Covid-19, la provincia de Jujuy dar\u00e1 un importante avance ma\u00f1ana cuando se inaugure el nuevo Centro Regional e Hemoterapia, \u00e1rea vital y necesaria para el combate contra el coronavirus. Ser\u00e1 el centro m\u00e1s novedoso de todo el NOA y ser\u00e1 inaugurado por el gobernador, <strong>Gerardo Morales,<\/strong> y el ministro de Salud de la Naci\u00f3n, <strong>Gin\u00e9s Gonz\u00e1lez Garc\u00eda.<\/strong><\/p>\n\n\n\n<p><strong><em>Relcionado: <a href=\"https:\/\/notinor.com\/jujuy\/gines-gonzalez-garcia-arribara-manana-a-jujuy\/\">Gin\u00e9s Gonz\u00e1lez Garc\u00eda arribar\u00e1 ma\u00f1ana a Jujuy<\/a><\/em><\/strong><\/p>\n\n\n\n<p>Bajo el nombre de \"Dr. Carlos Cisneros\", el nuevo edificio ubicado en Alto Comedero ser\u00e1 inaugurado este viernes 12 de febrero a las 11:30 de la ma\u00f1ana.<\/p>\n\n\n\n<p>El flamante edificio permitir\u00e1 ampliar las acciones de una de las instituciones de referencia en la salud juje\u00f1a, clave para el sostenimiento de la red hospitalaria y parte del sistema privado, con el abastecimiento de componentes sangu\u00edneos cuya demanda es permanente, pudiendo sostenerse casi a niveles habituales a\u00fan en pandemia de la mano de su planta de 54 agentes.<\/p>\n\n\n\n<p><strong>Nuevas instalaciones<\/strong><\/p>\n\n\n\n<p>Dispuesto en dos plantas; una netamente t\u00e9cnica y otra ambulatoria, el edificio cuenta con espacios funcionales adecuados a los est\u00e1ndares internacionales espec\u00edficos para la promoci\u00f3n de la donaci\u00f3n de sangre, la atenci\u00f3n del donante, la calificaci\u00f3n biol\u00f3gica que realiza el tamizaje de enfermedades transmisibles por transfusi\u00f3n y estudios inmunohematol\u00f3gicos, el fraccionamiento de las unidades, el almacenamiento, la distribuci\u00f3n y el transporte de los componentes sangu\u00edneos.<\/p>\n\n\n\n<p>El acceso p\u00fablico principal se encuentra sobre Avenida Ing. Carlos Snopek, mientras que el de abastecimiento\/servicios y personal, se ubica por calle Tte. 1\u00ba Bolsan.<\/p>\n\n\n\n<p>La obra se realiz\u00f3 teniendo en cuenta las Buenas Pr\u00e1cticas de Manufactura y Bioseguridad, condiciones que tambi\u00e9n cumplen el mobiliario y el equipamiento, adecuando cada uno de los espacios a las demandas de un Centro de\u00a0Hemoterapia. Incluso, en el dise\u00f1o se dispuso que los donantes, al situarse en los sillones respectivos, tengan vista al Cerro Las Escaleras.<\/p>\n\n\n\n<p>Respondiendo a las necesidades de la instituci\u00f3n, se instalaron las correspondientes c\u00e1maras de fr\u00edo, de media y baja temperatura que permiten el almacenamiento de hemocomponentes de acuerdo a requisitos nacionales e internacionales, con capacidad para 200 litros cada una.<\/p>\n\n\n\n<p>Las instalaciones el\u00e9ctricas se realizaron cumpliendo con la Reglamentaci\u00f3n para la ejecuci\u00f3n de Instalaciones El\u00e9ctricas en inmuebles, de la Asociaci\u00f3n Electrot\u00e9cnica Argentina, AEA 90364, previendo la instalaci\u00f3n de dos grupos electr\u00f3genos de tipo estacionario con motor a gas-o\u00edl con accesorios, generador sincr\u00f3nico, tablero de mando, tablero de paralelismo, sistema de combustible y tanque de combustible. Estos equipos, funcionan en paralelo y tienen su puesta en marcha de manera autom\u00e1tica, en un tiempo aproximado de 20 segundos.<\/p>\n\n\n\n<figure class=\"wp-block-image size-large\"><img decoding=\"async\" src=\"https:\/\/media.prensa.jujuy.gob.ar\/p\/ad9ecf982507ad66d2bf8edaf666d579\/adjuntos\/301\/imagenes\/000\/225\/0000225955\/dsc_3619jpg.jpg\" alt=\"\"\/><\/figure>\n\n\n\n<p><strong>Vanguardia<\/strong><\/p>\n\n\n\n<p>En la nueva sede, se proyecta en el mediano plazo, el sector de Calificaci\u00f3n Biol\u00f3gica, es decir de biolog\u00eda molecular que permita reducir la posibilidad de transmisi\u00f3n de enfermedades virales a trav\u00e9s de la transfusi\u00f3n.<\/p>\n\n\n\n<p>En tanto, est\u00e1 planteado tambi\u00e9n el desarrollo de un Laboratorio de referencia inmunohematol\u00f3gico para la investigaci\u00f3n de sistemas de grupos sangu\u00edneos. En lo que respecta a hemodonaci\u00f3n, se prev\u00e9 la obtenci\u00f3n de c\u00e9lulas progenitoras hematopoy\u00e9ticas para trasplante de m\u00e9dula \u00f3sea y en producci\u00f3n, desarrollar un Banco de Tejidos y la posibilidad de acreditar ante ANMAT para lograr la certificaci\u00f3n como productos de calidad, as\u00ed como el env\u00edo de plasma a la industria para la obtenci\u00f3n de medicamentos.<\/p>\n\n\n\n<p><strong><em>Seguir leyendo: <a href=\"https:\/\/notinor.com\/jujuy\/el-operativo-sanitario-en-tilcara-no-confirmo-nuevos-casos-de-coronavirus\/\">El operativo sanitario en Tilcara no confirm\u00f3 nuevos casos de coronavirus<\/a><\/em><\/strong><\/p>\n","protected":false},"excerpt":{"rendered":"<p>El acto se llevar\u00e1 adelante con la presencial del gobernador Gerardo Morales y el ministro de Salud de la Naci\u00f3n, Gin\u00e9s Gonz\u00e1lez Garc\u00eda. Inmersos en el marco de la pandemia por Covid-19, la provincia de Jujuy dar\u00e1 un importante avance ma\u00f1ana cuando se inaugure el nuevo Centro Regional e Hemoterapia, \u00e1rea vital y necesaria para [&hellip;]<\/p>\n","protected":false},"author":1,"featured_media":287527,"comment_status":"open","ping_status":"open","sticky":false,"template":"","format":"standard","meta":{"_stopmodifiedupdate":false,"_modified_date":"","inline_featured_image":false,"spay_email":"","jetpack_publicize_message":""},"categories":[2],"tags":[],"jetpack_featured_media_url":"https:\/\/notinor.com\/jujuy\/wp-content\/uploads\/2021\/02\/nuevo-edificio-hemoterapia.jpg","jetpack_publicize_connections":[],"_links":{"self":[{"href":"https:\/\/notinor.com\/jujuy\/wp-json\/wp\/v2\/posts\/287526"}],"collection":[{"href":"https:\/\/notinor.com\/jujuy\/wp-json\/wp\/v2\/posts"}],"about":[{"href":"https:\/\/notinor.com\/jujuy\/wp-json\/wp\/v2\/types\/post"}],"author":[{"embeddable":true,"href":"https:\/\/notinor.com\/jujuy\/wp-json\/wp\/v2\/users\/1"}],"replies":[{"embeddable":true,"href":"https:\/\/notinor.com\/jujuy\/wp-json\/wp\/v2\/comments?post=287526"}],"version-history":[{"count":1,"href":"https:\/\/notinor.com\/jujuy\/wp-json\/wp\/v2\/posts\/287526\/revisions"}],"predecessor-version":[{"id":287528,"href":"https:\/\/notinor.com\/jujuy\/wp-json\/wp\/v2\/posts\/287526\/revisions\/287528"}],"wp:featuredmedia":[{"embeddable":true,"href":"https:\/\/notinor.com\/jujuy\/wp-json\/wp\/v2\/media\/287527"}],"wp:attachment":[{"href":"https:\/\/notinor.com\/jujuy\/wp-json\/wp\/v2\/media?parent=287526"}],"wp:term":[{"taxonomy":"category","embeddable":true,"href":"https:\/\/notinor.com\/jujuy\/wp-json\/wp\/v2\/categories?post=287526"},{"taxonomy":"post_tag","embeddable":true,"href":"https:\/\/notinor.com\/jujuy\/wp-json\/wp\/v2\/tags?post=287526"}],"curies":[{"name":"wp","href":"https:\/\/api.w.org\/{rel}","templated":true}]}}