{"id":287520,"date":"2021-02-11T18:21:55","date_gmt":"2021-02-11T21:21:55","guid":{"rendered":"https:\/\/notinor.com\/jujuy\/?p=287520"},"modified":"2021-02-11T18:22:02","modified_gmt":"2021-02-11T21:22:02","slug":"abuso-y-suicidio-en-san-pedrito-imputaron-al-padrastro-de-la-joven","status":"publish","type":"post","link":"https:\/\/notinor.com\/jujuy\/abuso-y-suicidio-en-san-pedrito-imputaron-al-padrastro-de-la-joven\/","title":{"rendered":"Abuso y suicidio en San Pedrito: imputaron al padrastro de la joven"},"content":{"rendered":"\n<p>La situaci\u00f3n procesal del hombre se complicar\u00e1 conforme avance la investigaci\u00f3n. Qued\u00f3 imputado por \"abuso sexual con acceso carnal agravado por la conviviencia en concurso real\".<\/p>\n\n\n\n<figure class=\"wp-block-image size-large\"><img decoding=\"async\" loading=\"lazy\" width=\"779\" height=\"480\" src=\"https:\/\/notinor.com\/jujuy\/wp-content\/uploads\/2021\/02\/poder-judicial-morgue-779x480.jpg\" alt=\"\" class=\"wp-image-287351\" srcset=\"https:\/\/notinor.com\/jujuy\/wp-content\/uploads\/2021\/02\/poder-judicial-morgue-779x480.jpg 779w, https:\/\/notinor.com\/jujuy\/wp-content\/uploads\/2021\/02\/poder-judicial-morgue-592x365.jpg 592w, https:\/\/notinor.com\/jujuy\/wp-content\/uploads\/2021\/02\/poder-judicial-morgue-768x473.jpg 768w, https:\/\/notinor.com\/jujuy\/wp-content\/uploads\/2021\/02\/poder-judicial-morgue-750x462.jpg 750w, https:\/\/notinor.com\/jujuy\/wp-content\/uploads\/2021\/02\/poder-judicial-morgue.jpg 990w\" sizes=\"(max-width: 779px) 100vw, 779px\" \/><\/figure>\n\n\n\n<p>La provincia de Jujuy se vio consternada luego de enterarse del suicidio de una joven de 15 a\u00f1os en el barrio San Pedrito de San Salvador, peor a\u00fan cuando se conoci\u00f3 que la adolescente tom\u00f3 la dr\u00e1stica decisi\u00f3n luego de haber sido abusada sexualmente por su padrastro.<\/p>\n\n\n\n<p>El terrible desenlace ocurri\u00f3 luego de que la joven contara lo sucedido a su madre y a su hermana mayor, sin embargo ambas optaron por no creerle y minimizaron lo sucedido. Este episodio, sumado a la convivencia con quien se\u00f1al\u00f3 como su abusador, desencaden\u00f3 en que la adolescente se quitara la vida en el ba\u00f1o de su casa, ubicada en el barrio San Pedrito de la capital juje\u00f1a.<\/p>\n\n\n\n<p><strong><em>Relacionado: <a href=\"https:\/\/notinor.com\/jujuy\/barrio-san-pedrito-una-adolescente-se-quito-la-vida-luego-de-haber-sido-abusada\/\">Barrio San Pedrito | Una adolescente se quit\u00f3 la vida luego de haber sido abusada<\/a><\/em><\/strong><\/p>\n\n\n\n<p>Una amiga de la v\u00edctima fue quien termin\u00f3 por apuntar al padrastro de la joven, luego de que ella le contara el calvario que vivi\u00f3 tras ser abusada por el hombre. Este testimonio, que debi\u00f3 ser ratificado a trav\u00e9s de una c\u00e1mara Gesell, sirvi\u00f3 para esclarecer las circunstancias del suicidio y que las autoridades del Ministerio P\u00fablico de la Acusaci\u00f3n (MPA) solicitaran realizar ex\u00e1menes al cuerpo.<\/p>\n\n\n\n<p>Dichos ex\u00e1menes fueron realizados durante la jornada del mi\u00e9rcoles y confirmaron el abuso sexual. Inmediatamente se orden\u00f3 la detenci\u00f3n del padrastro de la v\u00edctima.<\/p>\n\n\n\n<p>Finalmente el hombre qued\u00f3 imputado por \"abuso sexual con acceso carnal agravado por la conviviencia en concurso real\", y fue citado esta tarde en el MPA para conocer su causa de imputaci\u00f3n. No se descarta que las autoridades tambi\u00e9n investiguen a la madre de la adolescente.<\/p>\n\n\n\n<p>NOTICIA EN DESARROLLO<\/p>\n","protected":false},"excerpt":{"rendered":"<p>La situaci\u00f3n procesal del hombre se complicar\u00e1 conforme avance la investigaci\u00f3n. Qued\u00f3 imputado por \"abuso sexual con acceso carnal agravado por la conviviencia en concurso real\". La provincia de Jujuy se vio consternada luego de enterarse del suicidio de una joven de 15 a\u00f1os en el barrio San Pedrito de San Salvador, peor a\u00fan cuando [&hellip;]<\/p>\n","protected":false},"author":1,"featured_media":287351,"comment_status":"open","ping_status":"open","sticky":false,"template":"","format":"standard","meta":{"_stopmodifiedupdate":false,"_modified_date":"","inline_featured_image":false,"spay_email":"","jetpack_publicize_message":""},"categories":[2,3],"tags":[],"jetpack_featured_media_url":"https:\/\/notinor.com\/jujuy\/wp-content\/uploads\/2021\/02\/poder-judicial-morgue.jpg","jetpack_publicize_connections":[],"_links":{"self":[{"href":"https:\/\/notinor.com\/jujuy\/wp-json\/wp\/v2\/posts\/287520"}],"collection":[{"href":"https:\/\/notinor.com\/jujuy\/wp-json\/wp\/v2\/posts"}],"about":[{"href":"https:\/\/notinor.com\/jujuy\/wp-json\/wp\/v2\/types\/post"}],"author":[{"embeddable":true,"href":"https:\/\/notinor.com\/jujuy\/wp-json\/wp\/v2\/users\/1"}],"replies":[{"embeddable":true,"href":"https:\/\/notinor.com\/jujuy\/wp-json\/wp\/v2\/comments?post=287520"}],"version-history":[{"count":1,"href":"https:\/\/notinor.com\/jujuy\/wp-json\/wp\/v2\/posts\/287520\/revisions"}],"predecessor-version":[{"id":287523,"href":"https:\/\/notinor.com\/jujuy\/wp-json\/wp\/v2\/posts\/287520\/revisions\/287523"}],"wp:featuredmedia":[{"embeddable":true,"href":"https:\/\/notinor.com\/jujuy\/wp-json\/wp\/v2\/media\/287351"}],"wp:attachment":[{"href":"https:\/\/notinor.com\/jujuy\/wp-json\/wp\/v2\/media?parent=287520"}],"wp:term":[{"taxonomy":"category","embeddable":true,"href":"https:\/\/notinor.com\/jujuy\/wp-json\/wp\/v2\/categories?post=287520"},{"taxonomy":"post_tag","embeddable":true,"href":"https:\/\/notinor.com\/jujuy\/wp-json\/wp\/v2\/tags?post=287520"}],"curies":[{"name":"wp","href":"https:\/\/api.w.org\/{rel}","templated":true}]}}