{"id":287518,"date":"2021-02-11T17:54:23","date_gmt":"2021-02-11T20:54:23","guid":{"rendered":"https:\/\/notinor.com\/jujuy\/?p=287518"},"modified":"2021-02-11T21:34:09","modified_gmt":"2021-02-12T00:34:09","slug":"incendio-en-perico-no-hubo-heridos-de-gravedad-y-aguardan-una-investigacion","status":"publish","type":"post","link":"https:\/\/notinor.com\/jujuy\/incendio-en-perico-no-hubo-heridos-de-gravedad-y-aguardan-una-investigacion\/","title":{"rendered":"Incendio en Perico: no hubo heridos de gravedad y aguardan una investigaci\u00f3n"},"content":{"rendered":"\n<p>La principal hip\u00f3tesis apunta a que un recluso, que fue recapturado ayer, inici\u00f3 el incendio.<\/p>\n\n\n\n<figure class=\"wp-block-image size-large\"><img decoding=\"async\" loading=\"lazy\" width=\"840\" height=\"472\" src=\"https:\/\/notinor.com\/jujuy\/wp-content\/uploads\/2021\/02\/WhatsApp-Image-2021-02-11-at-4.57.39-PM-840x472.jpeg\" alt=\"\" class=\"wp-image-287514\" srcset=\"https:\/\/notinor.com\/jujuy\/wp-content\/uploads\/2021\/02\/WhatsApp-Image-2021-02-11-at-4.57.39-PM-840x472.jpeg 840w, https:\/\/notinor.com\/jujuy\/wp-content\/uploads\/2021\/02\/WhatsApp-Image-2021-02-11-at-4.57.39-PM-650x365.jpeg 650w, https:\/\/notinor.com\/jujuy\/wp-content\/uploads\/2021\/02\/WhatsApp-Image-2021-02-11-at-4.57.39-PM-500x280.jpeg 500w, https:\/\/notinor.com\/jujuy\/wp-content\/uploads\/2021\/02\/WhatsApp-Image-2021-02-11-at-4.57.39-PM-768x431.jpeg 768w, https:\/\/notinor.com\/jujuy\/wp-content\/uploads\/2021\/02\/WhatsApp-Image-2021-02-11-at-4.57.39-PM-750x421.jpeg 750w, https:\/\/notinor.com\/jujuy\/wp-content\/uploads\/2021\/02\/WhatsApp-Image-2021-02-11-at-4.57.39-PM-1140x640.jpeg 1140w, https:\/\/notinor.com\/jujuy\/wp-content\/uploads\/2021\/02\/WhatsApp-Image-2021-02-11-at-4.57.39-PM.jpeg 1280w\" sizes=\"(max-width: 840px) 100vw, 840px\" \/><\/figure>\n\n\n\n<p>Esta tarde se dio a conocer el incendio que sufri\u00f3 la Comisar\u00eda Seccional N\u00b060 del barrio La Paz en Perico, afortunadamente no hay que lamentar v\u00edctimas fatales. Sin embargo, se abri\u00f3 una investigaci\u00f3n para determinar qu\u00e9 sucedi\u00f3 y con qu\u00e9 intenciones en caso de haber sido intencional.<\/p>\n\n\n\n<p><strong><em>Relacionado:<a href=\"https:\/\/notinor.com\/jujuy\/urgente-se-incendio-una-seccional-policial-en-perico\/\"> URGENTE | Se incendi\u00f3 una seccional policial en Perico<\/a><\/em><\/strong><\/p>\n\n\n\n<p>Las primeras hip\u00f3tesis que manejan las autoridades apuntan a que se trat\u00f3 de un incendio ocasionado por uno de los reclusos alojado en las primeras dos celdas de la dependencia policial. El sujeto habr\u00eda prendido fuego a uno de los colchones y la situaci\u00f3n termin\u00f3 desbord\u00e1ndose, dejando varios heridos por quemaduras y otros con principios de asfixia.<\/p>\n\n\n\n<p>De acuerdo a los testimonios del secretario de Relaciones de la Comunidad, <strong>Adri\u00e1n Moroni,<\/strong> no hay que lamentar v\u00edctimas fatales pero si reclusos heridos, aunque ninguno de gravedad. Asimismo, el funcionario del Ministerio de Seguridad afirm\u00f3 que se vieron afectados alrededor de 20 reos que estaban alojados en la Seccional.<\/p>\n\n\n\n<p>El incidente comenz\u00f3 alrededor de las 15 horas y, seg\u00fan informaci\u00f3n extraoficial, habr\u00eda sido ocasionado por el recluso Maximiliano Ju\u00e1rez, quien se hab\u00eda fugado de la Seccional N\u00b029 de Monterrico el d\u00eda de ayer y fue recapturado al cabo de unas horas.<\/p>\n\n\n\n<p>Por ahora se desconoce c\u00f3mo habr\u00eda hecho Ju\u00e1rez para incendiar el colch\u00f3n de la celda y qu\u00e9 es lo que pretend\u00eda con este acto. Sin embargo, ya fue trasladado al Servicio Penitenciario de la Provincia.<\/p>\n\n\n\n<p>En cuanto a los dem\u00e1s internos, varios sufrieron quemaduras y otros sufrieron principios de asfixia a causa del incendio por lo que cinco reclusos debieron ser trasladados al hospital Dr. Arturo Zabala de Perico.<\/p>\n\n\n\n<p>Desde la Polic\u00eda de la Provincia de Jujuy informaron que los agentes policiales se encuentran en buen estado de salud y que abrir\u00e1n una investigaci\u00f3n para conocer los pormenores y causantes del hecho.<\/p>\n","protected":false},"excerpt":{"rendered":"<p>La principal hip\u00f3tesis apunta a que un recluso, que fue recapturado ayer, inici\u00f3 el incendio. Esta tarde se dio a conocer el incendio que sufri\u00f3 la Comisar\u00eda Seccional N\u00b060 del barrio La Paz en Perico, afortunadamente no hay que lamentar v\u00edctimas fatales. Sin embargo, se abri\u00f3 una investigaci\u00f3n para determinar qu\u00e9 sucedi\u00f3 y con qu\u00e9 [&hellip;]<\/p>\n","protected":false},"author":1,"featured_media":287514,"comment_status":"open","ping_status":"open","sticky":false,"template":"","format":"standard","meta":{"_stopmodifiedupdate":false,"_modified_date":"","inline_featured_image":false,"spay_email":"","jetpack_publicize_message":""},"categories":[2,4,3],"tags":[],"jetpack_featured_media_url":"https:\/\/notinor.com\/jujuy\/wp-content\/uploads\/2021\/02\/WhatsApp-Image-2021-02-11-at-4.57.39-PM.jpeg","jetpack_publicize_connections":[],"_links":{"self":[{"href":"https:\/\/notinor.com\/jujuy\/wp-json\/wp\/v2\/posts\/287518"}],"collection":[{"href":"https:\/\/notinor.com\/jujuy\/wp-json\/wp\/v2\/posts"}],"about":[{"href":"https:\/\/notinor.com\/jujuy\/wp-json\/wp\/v2\/types\/post"}],"author":[{"embeddable":true,"href":"https:\/\/notinor.com\/jujuy\/wp-json\/wp\/v2\/users\/1"}],"replies":[{"embeddable":true,"href":"https:\/\/notinor.com\/jujuy\/wp-json\/wp\/v2\/comments?post=287518"}],"version-history":[{"count":4,"href":"https:\/\/notinor.com\/jujuy\/wp-json\/wp\/v2\/posts\/287518\/revisions"}],"predecessor-version":[{"id":287541,"href":"https:\/\/notinor.com\/jujuy\/wp-json\/wp\/v2\/posts\/287518\/revisions\/287541"}],"wp:featuredmedia":[{"embeddable":true,"href":"https:\/\/notinor.com\/jujuy\/wp-json\/wp\/v2\/media\/287514"}],"wp:attachment":[{"href":"https:\/\/notinor.com\/jujuy\/wp-json\/wp\/v2\/media?parent=287518"}],"wp:term":[{"taxonomy":"category","embeddable":true,"href":"https:\/\/notinor.com\/jujuy\/wp-json\/wp\/v2\/categories?post=287518"},{"taxonomy":"post_tag","embeddable":true,"href":"https:\/\/notinor.com\/jujuy\/wp-json\/wp\/v2\/tags?post=287518"}],"curies":[{"name":"wp","href":"https:\/\/api.w.org\/{rel}","templated":true}]}}