{"id":287386,"date":"2021-02-11T16:28:31","date_gmt":"2021-02-11T19:28:31","guid":{"rendered":"https:\/\/notinor.com\/jujuy\/?p=287386"},"modified":"2021-02-11T16:28:36","modified_gmt":"2021-02-11T19:28:36","slug":"el-gobierno-recomendo-que-los-establecimientos-creen-los-coe-escolares","status":"publish","type":"post","link":"https:\/\/notinor.com\/jujuy\/el-gobierno-recomendo-que-los-establecimientos-creen-los-coe-escolares\/","title":{"rendered":"El Gobierno recomend\u00f3 que los establecimientos creen los COE escolares"},"content":{"rendered":"\n<p>El gobernador <strong>Gerardo Morales <\/strong>lo expres\u00f3 ayer durante una rueda de prensa. Las clases iniciar\u00e1n obligatoriamente la pr\u00f3xima semana.<\/p>\n\n\n\n<figure class=\"wp-block-image size-large\"><img decoding=\"async\" loading=\"lazy\" width=\"816\" height=\"480\" src=\"https:\/\/notinor.com\/jujuy\/wp-content\/uploads\/2020\/10\/escuela-normal-816x480-1.jpg\" alt=\"\" class=\"wp-image-271643\" srcset=\"https:\/\/notinor.com\/jujuy\/wp-content\/uploads\/2020\/10\/escuela-normal-816x480-1.jpg 816w, https:\/\/notinor.com\/jujuy\/wp-content\/uploads\/2020\/10\/escuela-normal-816x480-1-621x365.jpg 621w, https:\/\/notinor.com\/jujuy\/wp-content\/uploads\/2020\/10\/escuela-normal-816x480-1-768x452.jpg 768w, https:\/\/notinor.com\/jujuy\/wp-content\/uploads\/2020\/10\/escuela-normal-816x480-1-750x441.jpg 750w\" sizes=\"(max-width: 816px) 100vw, 816px\" \/><\/figure>\n\n\n\n<p>Durante la jornada del mi\u00e9rcoles el gobernador de la provincia, <strong>Gerardo Morales,<\/strong> brind\u00f3 una rueda de prensa junto a los ministros de Trabajo, <strong>Normando \u00c1lvarez Garc\u00eda,<\/strong> y de Hacienda, <strong>Carlos Sadir,<\/strong> para anunciar mejoras a los empleados municipales de toda la provincia. Una vez concluido el hist\u00f3rico anuncio, el mandatario procedi\u00f3 a hablar sobre el retorno a clases presenciales que se realizar\u00e1 la pr\u00f3xima semana.<\/p>\n\n\n\n<p><strong><em>Relacionado:<a href=\"https:\/\/notinor.com\/jujuy\/el-gobierno-anuncio-la-recategorizacion-de-empleados-municipales\/\"> El Gobierno anunci\u00f3 la hist\u00f3rica recategorizaci\u00f3n de empleados municipales<\/a><\/em><\/strong><\/p>\n\n\n\n<p>En concreto, el Gobernador explic\u00f3 que estuvo recorriendo diversos establecimientos escolares del territorio juje\u00f1o, all\u00ed expres\u00f3 que los docentes con vocaci\u00f3n quieren y est\u00e1n ansiosos por volver a las aulas. Adem\u00e1s, afirm\u00f3 que <strong>en algunas escuelas visitadas, las autoridades crearon un COE Escolar <\/strong>que se encarga de dise\u00f1ar distintos planes, como las actividades recreativas que podr\u00e1n tener los ni\u00f1os en sus descansos.<\/p>\n\n\n\n<p>Inspirado en esto, el mandatario <strong>sugiri\u00f3 a los directores de cada establecimiento que armen su propio COE Escolar<\/strong>, de cara al inicio del nuevo ciclo lectivo.<\/p>\n\n\n\n<p>Asimismo, el Gobernador detall\u00f3 que \"los docentes est\u00e1n a full y felices de volver a las clases\", adem\u00e1s manifest\u00f3 que en algunas escuelas los propios profesores \"est\u00e1n acondicionando las aulas porque quieren lo que queremos toda la comunidad, que los ni\u00f1os vuelvan a las escuelas\". <\/p>\n\n\n\n<p>\"El maravilloso equipo de docentes, junto a los padres y todos nosotros se encuentran en la primera l\u00ednea porque hay que cuidar a los chicos\", expres\u00f3 Morales.<\/p>\n\n\n\n<p>Por \u00faltimo, el Gobernador remarc\u00f3 que <strong>\"el incio de clases es obligatorio\"<\/strong> y que la causa debe ser pensar en la salud mental de los chicos.<\/p>\n","protected":false},"excerpt":{"rendered":"<p>El gobernador Gerardo Morales lo expres\u00f3 ayer durante una rueda de prensa. Las clases iniciar\u00e1n obligatoriamente la pr\u00f3xima semana. Durante la jornada del mi\u00e9rcoles el gobernador de la provincia, Gerardo Morales, brind\u00f3 una rueda de prensa junto a los ministros de Trabajo, Normando \u00c1lvarez Garc\u00eda, y de Hacienda, Carlos Sadir, para anunciar mejoras a los [&hellip;]<\/p>\n","protected":false},"author":1,"featured_media":271643,"comment_status":"open","ping_status":"open","sticky":false,"template":"","format":"standard","meta":{"_stopmodifiedupdate":false,"_modified_date":"","inline_featured_image":false,"spay_email":"","jetpack_publicize_message":""},"categories":[2],"tags":[],"jetpack_featured_media_url":"https:\/\/notinor.com\/jujuy\/wp-content\/uploads\/2020\/10\/escuela-normal-816x480-1.jpg","jetpack_publicize_connections":[],"_links":{"self":[{"href":"https:\/\/notinor.com\/jujuy\/wp-json\/wp\/v2\/posts\/287386"}],"collection":[{"href":"https:\/\/notinor.com\/jujuy\/wp-json\/wp\/v2\/posts"}],"about":[{"href":"https:\/\/notinor.com\/jujuy\/wp-json\/wp\/v2\/types\/post"}],"author":[{"embeddable":true,"href":"https:\/\/notinor.com\/jujuy\/wp-json\/wp\/v2\/users\/1"}],"replies":[{"embeddable":true,"href":"https:\/\/notinor.com\/jujuy\/wp-json\/wp\/v2\/comments?post=287386"}],"version-history":[{"count":1,"href":"https:\/\/notinor.com\/jujuy\/wp-json\/wp\/v2\/posts\/287386\/revisions"}],"predecessor-version":[{"id":287505,"href":"https:\/\/notinor.com\/jujuy\/wp-json\/wp\/v2\/posts\/287386\/revisions\/287505"}],"wp:featuredmedia":[{"embeddable":true,"href":"https:\/\/notinor.com\/jujuy\/wp-json\/wp\/v2\/media\/271643"}],"wp:attachment":[{"href":"https:\/\/notinor.com\/jujuy\/wp-json\/wp\/v2\/media?parent=287386"}],"wp:term":[{"taxonomy":"category","embeddable":true,"href":"https:\/\/notinor.com\/jujuy\/wp-json\/wp\/v2\/categories?post=287386"},{"taxonomy":"post_tag","embeddable":true,"href":"https:\/\/notinor.com\/jujuy\/wp-json\/wp\/v2\/tags?post=287386"}],"curies":[{"name":"wp","href":"https:\/\/api.w.org\/{rel}","templated":true}]}}