{"id":287362,"date":"2021-02-10T18:36:18","date_gmt":"2021-02-10T21:36:18","guid":{"rendered":"https:\/\/notinor.com\/jujuy\/?p=287362"},"modified":"2021-02-10T18:36:22","modified_gmt":"2021-02-10T21:36:22","slug":"por-primera-vez-accedieron-a-la-telemedicina-desde-lagunillas-del-farallon","status":"publish","type":"post","link":"https:\/\/notinor.com\/jujuy\/por-primera-vez-accedieron-a-la-telemedicina-desde-lagunillas-del-farallon\/","title":{"rendered":"Por primera vez accedieron a la telemedicina desde Lagunillas del Farall\u00f3n"},"content":{"rendered":"\n<p>Ancelma de 73 a\u00f1os y Fortunata de 76 fueron las primeras pacientes asistidas virtualmente por una m\u00e9dica profesional en el pueblo ubicado en Rinconada.<\/p>\n\n\n\n<figure class=\"wp-block-image size-large\"><img decoding=\"async\" loading=\"lazy\" width=\"840\" height=\"472\" src=\"https:\/\/notinor.com\/jujuy\/wp-content\/uploads\/2021\/02\/telemedicina-840x472.jpeg\" alt=\"\" class=\"wp-image-287363\" srcset=\"https:\/\/notinor.com\/jujuy\/wp-content\/uploads\/2021\/02\/telemedicina-840x472.jpeg 840w, https:\/\/notinor.com\/jujuy\/wp-content\/uploads\/2021\/02\/telemedicina-650x365.jpeg 650w, https:\/\/notinor.com\/jujuy\/wp-content\/uploads\/2021\/02\/telemedicina-500x280.jpeg 500w, https:\/\/notinor.com\/jujuy\/wp-content\/uploads\/2021\/02\/telemedicina-768x431.jpeg 768w, https:\/\/notinor.com\/jujuy\/wp-content\/uploads\/2021\/02\/telemedicina-750x421.jpeg 750w, https:\/\/notinor.com\/jujuy\/wp-content\/uploads\/2021\/02\/telemedicina-1140x640.jpeg 1140w, https:\/\/notinor.com\/jujuy\/wp-content\/uploads\/2021\/02\/telemedicina.jpeg 1280w\" sizes=\"(max-width: 840px) 100vw, 840px\" \/><\/figure>\n\n\n\n<p>El servicio de Telemedicina fue uno de los grandes aciertos implementados para enfrentar la pandemia contra el coronavirus, no solo porque permite que las persona accedan a una cobertura de salud a\u00fan estando aisladas sino porque logra derribar barreras geogr\u00e1ficas que ser\u00edan mucho m\u00e1s complicadas en circunstancias normales.<\/p>\n\n\n\n<p>Si bien las consultas presenciales siempre ser\u00e1n la mejor alternativa, la Telemedicina logra llegar a cada uno de los ciudadanos juje\u00f1os sin importar las distancias. Es el caso de los ciudadanos de la peque\u00f1a localidad de <strong>Lagunillas del Farall\u00f3n<\/strong>, quienes este martes pudieron acceder por primera vez al servicio digital.<\/p>\n\n\n\n<p>Al respecto, el ministro de Salud, <strong>Gustavo Bouhid,<\/strong> expres\u00f3: \"Nuestra asistencia m\u00e9dica por v\u00eda digital posibilit\u00f3 la atenci\u00f3n de las primeras pacientes en Lagunillas del Farall\u00f3n, en plena Puna\".<\/p>\n\n\n\n<p><strong>Ancelma de 73 a\u00f1os y Fortunata de 76 fueron las primeras pacientes asistidas virtualmente por una m\u00e9dica profesional, ambas por cuadros de hipertensi\u00f3n.<\/strong><\/p>\n\n\n\n<p>Cabe recordar que anteriormente el servicio de Telemedicina logr\u00f3 cubrir a la totalidad de los ciudadanos de El Fuerte, en el departamento Santa Barbara.<\/p>\n\n\n\n<p><strong><em>Relacionado: <a href=\"https:\/\/notinor.com\/jujuy\/por-primera-vez-los-ciudadanos-de-el-fuerte-accedieron-al-servicio-de-telemedicina\/\">Por primera vez los ciudadanos de El Fuerte accedieron al servicio de Telemedicina<\/a><\/em><\/strong><\/p>\n\n\n\n<p>Asimismo, el Ministro destac\u00f3 que las pacientes \"fueron acompa\u00f1adas por el Agente Sanitario del CAPS\", quien es \"una figura con un rol fundamental dentro de la estrategia de Telemedicina\".<\/p>\n\n\n\n<p>\"De esta manera, mejoramos la accesibilidad de aquellas personas que no ten\u00edan ninguna posibilidad de entrar en contacto con el sistema de salud\", concluy\u00f3 Bouhid.<\/p>\n\n\n\n<p><strong><em>Seguir leyendo: <a href=\"https:\/\/notinor.com\/jujuy\/inmunizaron-al-personal-de-salud-de-maimara-tilcara-y-humahuaca\/\">Inmunizaron al personal de salud de Maimar\u00e1, Tilcara y Humahuaca<\/a><\/em><\/strong><\/p>\n\n\n\n<figure class=\"wp-block-image size-large\"><img decoding=\"async\" src=\"https:\/\/media.todojujuy.com\/adjuntos\/227\/imagenes\/000\/885\/0000885839.jpg?0000-00-00-00-00-00\" alt=\"\"\/><figcaption>Lagunillas del Farall\u00f3n<\/figcaption><\/figure>\n","protected":false},"excerpt":{"rendered":"<p>Ancelma de 73 a\u00f1os y Fortunata de 76 fueron las primeras pacientes asistidas virtualmente por una m\u00e9dica profesional en el pueblo ubicado en Rinconada. El servicio de Telemedicina fue uno de los grandes aciertos implementados para enfrentar la pandemia contra el coronavirus, no solo porque permite que las persona accedan a una cobertura de salud [&hellip;]<\/p>\n","protected":false},"author":1,"featured_media":287363,"comment_status":"open","ping_status":"open","sticky":false,"template":"","format":"standard","meta":{"_stopmodifiedupdate":false,"_modified_date":"","inline_featured_image":false,"spay_email":"","jetpack_publicize_message":""},"categories":[2,4],"tags":[],"jetpack_featured_media_url":"https:\/\/notinor.com\/jujuy\/wp-content\/uploads\/2021\/02\/telemedicina.jpeg","jetpack_publicize_connections":[],"_links":{"self":[{"href":"https:\/\/notinor.com\/jujuy\/wp-json\/wp\/v2\/posts\/287362"}],"collection":[{"href":"https:\/\/notinor.com\/jujuy\/wp-json\/wp\/v2\/posts"}],"about":[{"href":"https:\/\/notinor.com\/jujuy\/wp-json\/wp\/v2\/types\/post"}],"author":[{"embeddable":true,"href":"https:\/\/notinor.com\/jujuy\/wp-json\/wp\/v2\/users\/1"}],"replies":[{"embeddable":true,"href":"https:\/\/notinor.com\/jujuy\/wp-json\/wp\/v2\/comments?post=287362"}],"version-history":[{"count":1,"href":"https:\/\/notinor.com\/jujuy\/wp-json\/wp\/v2\/posts\/287362\/revisions"}],"predecessor-version":[{"id":287364,"href":"https:\/\/notinor.com\/jujuy\/wp-json\/wp\/v2\/posts\/287362\/revisions\/287364"}],"wp:featuredmedia":[{"embeddable":true,"href":"https:\/\/notinor.com\/jujuy\/wp-json\/wp\/v2\/media\/287363"}],"wp:attachment":[{"href":"https:\/\/notinor.com\/jujuy\/wp-json\/wp\/v2\/media?parent=287362"}],"wp:term":[{"taxonomy":"category","embeddable":true,"href":"https:\/\/notinor.com\/jujuy\/wp-json\/wp\/v2\/categories?post=287362"},{"taxonomy":"post_tag","embeddable":true,"href":"https:\/\/notinor.com\/jujuy\/wp-json\/wp\/v2\/tags?post=287362"}],"curies":[{"name":"wp","href":"https:\/\/api.w.org\/{rel}","templated":true}]}}