{"id":287334,"date":"2021-02-10T16:36:47","date_gmt":"2021-02-10T19:36:47","guid":{"rendered":"https:\/\/notinor.com\/jujuy\/?p=287334"},"modified":"2021-02-10T16:36:50","modified_gmt":"2021-02-10T19:36:50","slug":"tumbaya-la-virgen-de-punta-corral-no-descendera-debido-a-la-pandemia","status":"publish","type":"post","link":"https:\/\/notinor.com\/jujuy\/tumbaya-la-virgen-de-punta-corral-no-descendera-debido-a-la-pandemia\/","title":{"rendered":"Tumbaya: la Virgen de Punta Corral no descender\u00e1 debido a la pandemia"},"content":{"rendered":"\n<p>Este 2021 la imagen de la Virgen no bajar\u00e1 hasta Tumbaya. As\u00ed lo confirmaron desde la Comisi\u00f3n de Devotos.<\/p>\n\n\n\n<figure class=\"wp-block-image size-large\"><img decoding=\"async\" loading=\"lazy\" width=\"840\" height=\"480\" src=\"https:\/\/notinor.com\/jujuy\/wp-content\/uploads\/2021\/02\/virgen-de-punta-corral-840x480.jpg\" alt=\"\" class=\"wp-image-287336\" srcset=\"https:\/\/notinor.com\/jujuy\/wp-content\/uploads\/2021\/02\/virgen-de-punta-corral-840x480.jpg 840w, https:\/\/notinor.com\/jujuy\/wp-content\/uploads\/2021\/02\/virgen-de-punta-corral-639x365.jpg 639w, https:\/\/notinor.com\/jujuy\/wp-content\/uploads\/2021\/02\/virgen-de-punta-corral-768x439.jpg 768w, https:\/\/notinor.com\/jujuy\/wp-content\/uploads\/2021\/02\/virgen-de-punta-corral-1536x878.jpg 1536w, https:\/\/notinor.com\/jujuy\/wp-content\/uploads\/2021\/02\/virgen-de-punta-corral-750x429.jpg 750w, https:\/\/notinor.com\/jujuy\/wp-content\/uploads\/2021\/02\/virgen-de-punta-corral-1140x651.jpg 1140w, https:\/\/notinor.com\/jujuy\/wp-content\/uploads\/2021\/02\/virgen-de-punta-corral.jpg 1969w\" sizes=\"(max-width: 840px) 100vw, 840px\" \/><\/figure>\n\n\n\n<p>La pandemia por el coronavirus contin\u00faa causando estragos y ocasionando que se apliquen restricciones en distintos puntos de la provincia. Esta vez, desde la <strong>Comisi\u00f3n de Devotos<\/strong> confirmaron que <strong>la Virgen de Punta Corral no descender\u00e1 este a\u00f1o hacia la localidad de Tumbaya.<\/strong><\/p>\n\n\n\n<p>La decisi\u00f3n fue tomada por la familia M\u00e9ndez, propietarios de la imagen de la Virgen, con el objetivo de cuidar a la poblaci\u00f3n ante una eventual segunda ola de contagios de Covid-19.<\/p>\n\n\n\n<p>Cabe recordar que el a\u00f1o pasado fue el primero en 185 a\u00f1os en que no se realiz\u00f3 la tradicional peregrinaci\u00f3n al Santuario de Punta Corral, tambi\u00e9n a causa de la pandemia. <\/p>\n\n\n\n<p>Desde la Comisi\u00f3n de Devotos explicaron que, luego de reunirse con la familia M\u00e9ndez, todav\u00eda <strong>no est\u00e1 definido si habr\u00e1 peregrinaci\u00f3n o no este a\u00f1o<\/strong>, debido a la situaci\u00f3n epidemiol\u00f3gica y a los contagios de coronavirus.<\/p>\n\n\n\n<p>Pese a ello, los peregrinos ascendieron a visitar a la Virgen durante todo el a\u00f1o ya que el santuario estuvo abierto, sin embargo desde la Comisi\u00f3n recomiendan no subir en esta \u00e9poca del a\u00f1o ya que las condiciones clim\u00e1ticas no son seguras. Debido a la temporada estival los caminos no est\u00e1n en condiciones y se registraron desmoronamiento de cerros en distintos puntos.<\/p>\n\n\n\n<p>De acuerdo a la situaci\u00f3n sanitaria, la Comisi\u00f3n establecer\u00e1 un calendario de actividades en Punta Corral la pr\u00f3xima semana.<\/p>\n\n\n\n<p><em>Fuente: Todo Jujuy<\/em><\/p>\n","protected":false},"excerpt":{"rendered":"<p>Este 2021 la imagen de la Virgen no bajar\u00e1 hasta Tumbaya. As\u00ed lo confirmaron desde la Comisi\u00f3n de Devotos. La pandemia por el coronavirus contin\u00faa causando estragos y ocasionando que se apliquen restricciones en distintos puntos de la provincia. Esta vez, desde la Comisi\u00f3n de Devotos confirmaron que la Virgen de Punta Corral no descender\u00e1 [&hellip;]<\/p>\n","protected":false},"author":1,"featured_media":287336,"comment_status":"open","ping_status":"open","sticky":false,"template":"","format":"standard","meta":{"_stopmodifiedupdate":false,"_modified_date":"","inline_featured_image":false,"spay_email":"","jetpack_publicize_message":""},"categories":[2,4],"tags":[],"jetpack_featured_media_url":"https:\/\/notinor.com\/jujuy\/wp-content\/uploads\/2021\/02\/virgen-de-punta-corral.jpg","jetpack_publicize_connections":[],"_links":{"self":[{"href":"https:\/\/notinor.com\/jujuy\/wp-json\/wp\/v2\/posts\/287334"}],"collection":[{"href":"https:\/\/notinor.com\/jujuy\/wp-json\/wp\/v2\/posts"}],"about":[{"href":"https:\/\/notinor.com\/jujuy\/wp-json\/wp\/v2\/types\/post"}],"author":[{"embeddable":true,"href":"https:\/\/notinor.com\/jujuy\/wp-json\/wp\/v2\/users\/1"}],"replies":[{"embeddable":true,"href":"https:\/\/notinor.com\/jujuy\/wp-json\/wp\/v2\/comments?post=287334"}],"version-history":[{"count":1,"href":"https:\/\/notinor.com\/jujuy\/wp-json\/wp\/v2\/posts\/287334\/revisions"}],"predecessor-version":[{"id":287343,"href":"https:\/\/notinor.com\/jujuy\/wp-json\/wp\/v2\/posts\/287334\/revisions\/287343"}],"wp:featuredmedia":[{"embeddable":true,"href":"https:\/\/notinor.com\/jujuy\/wp-json\/wp\/v2\/media\/287336"}],"wp:attachment":[{"href":"https:\/\/notinor.com\/jujuy\/wp-json\/wp\/v2\/media?parent=287334"}],"wp:term":[{"taxonomy":"category","embeddable":true,"href":"https:\/\/notinor.com\/jujuy\/wp-json\/wp\/v2\/categories?post=287334"},{"taxonomy":"post_tag","embeddable":true,"href":"https:\/\/notinor.com\/jujuy\/wp-json\/wp\/v2\/tags?post=287334"}],"curies":[{"name":"wp","href":"https:\/\/api.w.org\/{rel}","templated":true}]}}