{"id":287330,"date":"2021-02-10T16:12:32","date_gmt":"2021-02-10T19:12:32","guid":{"rendered":"https:\/\/notinor.com\/jujuy\/?p=287330"},"modified":"2021-02-10T16:12:37","modified_gmt":"2021-02-10T19:12:37","slug":"brigadistas-jujenos-ayudaron-a-controlar-el-feroz-incendio-en-el-bolson","status":"publish","type":"post","link":"https:\/\/notinor.com\/jujuy\/brigadistas-jujenos-ayudaron-a-controlar-el-feroz-incendio-en-el-bolson\/","title":{"rendered":"Brigadistas juje\u00f1os ayudaron a controlar el feroz incendio en El Bols\u00f3n"},"content":{"rendered":"\n<p>Finalmente las autoridades anunciaron que el terrible incendio se encuentra bajo control. 19 brigadistas juje\u00f1os colaboraron en la lucha contra el fuego.<\/p>\n\n\n\n<figure class=\"wp-block-image size-large\"><img decoding=\"async\" loading=\"lazy\" width=\"640\" height=\"480\" src=\"https:\/\/notinor.com\/jujuy\/wp-content\/uploads\/2021\/02\/brigadistas-juje\u00f1os-640x480.jpg\" alt=\"\" class=\"wp-image-287331\" srcset=\"https:\/\/notinor.com\/jujuy\/wp-content\/uploads\/2021\/02\/brigadistas-juje\u00f1os-640x480.jpg 640w, https:\/\/notinor.com\/jujuy\/wp-content\/uploads\/2021\/02\/brigadistas-juje\u00f1os-487x365.jpg 487w, https:\/\/notinor.com\/jujuy\/wp-content\/uploads\/2021\/02\/brigadistas-juje\u00f1os-768x576.jpg 768w, https:\/\/notinor.com\/jujuy\/wp-content\/uploads\/2021\/02\/brigadistas-juje\u00f1os-750x563.jpg 750w, https:\/\/notinor.com\/jujuy\/wp-content\/uploads\/2021\/02\/brigadistas-juje\u00f1os-1140x855.jpg 1140w, https:\/\/notinor.com\/jujuy\/wp-content\/uploads\/2021\/02\/brigadistas-juje\u00f1os.jpg 1280w\" sizes=\"(max-width: 640px) 100vw, 640px\" \/><\/figure>\n\n\n\n<p>Finalmente y luego de m\u00e1s de dos semanas de ardua lucha, el feroz incendio forestal en El Bols\u00f3n, provincia de R\u00edo Negro, fue controlado. El dato del suceso es que un contingente de 19 brigadistas juje\u00f1os particip\u00f3 directamente para ayudar a controlar las llamas.<\/p>\n\n\n\n<p>Se trata de 15 brigadistas de la Direcci\u00f3n de incendios de vegetaci\u00f3n y emergencias ambientales del Ministerio de Ambiente de Jujuy, y otros 4 pertenecientes al Parque Nacional Calilegua, que arribaron a primera hora del martes a la localidad de El Bols\u00f3n, provincia de R\u00edo Negro. All\u00ed participaron directamente en el combate contra el terrible incendio forestal.<\/p>\n\n\n\n<p>La comitiva juje\u00f1a lleg\u00f3 junto a sus pares de la regi\u00f3n del NOA -Salta, Tucum\u00e1n, Santiago del Estero y Catamarca- adem\u00e1s de otras jurisdicciones del pa\u00eds y trabajaron arduamente para controlar las peligrosas llamas que consumieron alrededor de 10.000 hect\u00e1reas en Cuesta del Ternero.<\/p>\n\n\n\n<p>Encabezaron la delegaci\u00f3n juje\u00f1a, Juan Carlos Torres, jefe de Brigada de Jujuy; junto a Lautaro V\u00e1zquez, Coordinador Regional NOA del Servicio Nacional de Manejo del Fuego (SNMF). Ambos comandan la participaci\u00f3n local de brigadistas altamente calificados, con conocimiento, preparaci\u00f3n y experiencia en el combate en terreno, y tambi\u00e9n en manejo de informaci\u00f3n satelital, geogr\u00e1fica, y coordinaci\u00f3n log\u00edstica.<\/p>\n\n\n\n<p>Tanto los brigadistas del Ministerio de Ambiente como los de Parque Nacional Calilegua fueron asignados para desplegarse en el \u201cSector 6\u201d del incendio, en El Mait\u00e9n, Departamento Cushamen, al noroeste de la provincia de Chubut.<\/p>\n\n\n\n<p><strong>INCENDIO EN EL BOLS\u00d3N CONTROLADO<\/strong><\/p>\n\n\n\n<p>Los incendios en Cuesta del Ternero, cerca de El Bols\u00f3n, en R\u00edo Negro, que hab\u00eda comenzado el pasado 24 de enero, y otro en el departamento de Adolfo Alsina de esa misma provincia, est\u00e1n controlados, inform\u00f3 este mi\u00e9rcoles el Servicio Nacional de Manejo del Fuego (SNMF).<\/p>\n\n\n\n<p>En tanto, el incendio en Los Lagos, provincia de Neuqu\u00e9n, es el \u00fanico activo en el pa\u00eds.<\/p>\n\n\n\n<p>Adem\u00e1s, el SNMF inform\u00f3 que ya se controlaron las llamas en Cuesta del Ternero, que afectaron a unas 10.000 hect\u00e1reas. De acuerdo al reporte emitido esta ma\u00f1ana por el organismo, tambi\u00e9n se encuentra controlado el foco \u00edgneo que afectaba la capital de la provincia de Misiones.<\/p>\n\n\n\n<p>Hasta el momento, la superficie estimada por incendios reportados entre el 1 de enero y el 3 de febrero de 2021 suma unas 26.157,78 hect\u00e1reas.<\/p>\n\n\n\n<figure class=\"wp-block-image size-large\"><img decoding=\"async\" src=\"https:\/\/www.telam.com.ar\/advf\/imagenes\/2021\/02\/602426b8a30ba_1004x565.jpg\" alt=\"\"\/><figcaption>As\u00ed se encuentra hoy el incendio en El Bols\u00f3n.<\/figcaption><\/figure>\n","protected":false},"excerpt":{"rendered":"<p>Finalmente las autoridades anunciaron que el terrible incendio se encuentra bajo control. 19 brigadistas juje\u00f1os colaboraron en la lucha contra el fuego. Finalmente y luego de m\u00e1s de dos semanas de ardua lucha, el feroz incendio forestal en El Bols\u00f3n, provincia de R\u00edo Negro, fue controlado. El dato del suceso es que un contingente de [&hellip;]<\/p>\n","protected":false},"author":1,"featured_media":287331,"comment_status":"open","ping_status":"open","sticky":false,"template":"","format":"standard","meta":{"_stopmodifiedupdate":false,"_modified_date":"","inline_featured_image":false,"spay_email":"","jetpack_publicize_message":""},"categories":[2,5],"tags":[],"jetpack_featured_media_url":"https:\/\/notinor.com\/jujuy\/wp-content\/uploads\/2021\/02\/brigadistas-juje\u00f1os.jpg","jetpack_publicize_connections":[],"_links":{"self":[{"href":"https:\/\/notinor.com\/jujuy\/wp-json\/wp\/v2\/posts\/287330"}],"collection":[{"href":"https:\/\/notinor.com\/jujuy\/wp-json\/wp\/v2\/posts"}],"about":[{"href":"https:\/\/notinor.com\/jujuy\/wp-json\/wp\/v2\/types\/post"}],"author":[{"embeddable":true,"href":"https:\/\/notinor.com\/jujuy\/wp-json\/wp\/v2\/users\/1"}],"replies":[{"embeddable":true,"href":"https:\/\/notinor.com\/jujuy\/wp-json\/wp\/v2\/comments?post=287330"}],"version-history":[{"count":1,"href":"https:\/\/notinor.com\/jujuy\/wp-json\/wp\/v2\/posts\/287330\/revisions"}],"predecessor-version":[{"id":287332,"href":"https:\/\/notinor.com\/jujuy\/wp-json\/wp\/v2\/posts\/287330\/revisions\/287332"}],"wp:featuredmedia":[{"embeddable":true,"href":"https:\/\/notinor.com\/jujuy\/wp-json\/wp\/v2\/media\/287331"}],"wp:attachment":[{"href":"https:\/\/notinor.com\/jujuy\/wp-json\/wp\/v2\/media?parent=287330"}],"wp:term":[{"taxonomy":"category","embeddable":true,"href":"https:\/\/notinor.com\/jujuy\/wp-json\/wp\/v2\/categories?post=287330"},{"taxonomy":"post_tag","embeddable":true,"href":"https:\/\/notinor.com\/jujuy\/wp-json\/wp\/v2\/tags?post=287330"}],"curies":[{"name":"wp","href":"https:\/\/api.w.org\/{rel}","templated":true}]}}