{"id":287324,"date":"2021-02-10T15:43:56","date_gmt":"2021-02-10T18:43:56","guid":{"rendered":"https:\/\/notinor.com\/jujuy\/?p=287324"},"modified":"2021-02-10T15:44:00","modified_gmt":"2021-02-10T18:44:00","slug":"preocupante-se-registraron-44-femicidios-en-lo-que-va-del-ano","status":"publish","type":"post","link":"https:\/\/notinor.com\/jujuy\/preocupante-se-registraron-44-femicidios-en-lo-que-va-del-ano\/","title":{"rendered":"Preocupante: se registraron 44 femicidios en lo que va del a\u00f1o"},"content":{"rendered":"\n<p>El reciente caso de \u00darsula Bahillo volvi\u00f3 a dejar al descubierto una grave problem\u00e1tica que envuelve al pa\u00eds desde hace a\u00f1os.<\/p>\n\n\n\n<figure class=\"wp-block-image size-large\"><img decoding=\"async\" loading=\"lazy\" width=\"600\" height=\"369\" src=\"https:\/\/notinor.com\/jujuy\/wp-content\/uploads\/2020\/11\/femicidio-marcha01oct-palpala-01.jpg\" alt=\"\" class=\"wp-image-274451\" srcset=\"https:\/\/notinor.com\/jujuy\/wp-content\/uploads\/2020\/11\/femicidio-marcha01oct-palpala-01.jpg 600w, https:\/\/notinor.com\/jujuy\/wp-content\/uploads\/2020\/11\/femicidio-marcha01oct-palpala-01-593x365.jpg 593w\" sizes=\"(max-width: 600px) 100vw, 600px\" \/><\/figure>\n\n\n\n<p>La violencia de g\u00e9nero intenta ser abordada a\u00f1o tras a\u00f1o con pol\u00edticas que tratan de paliar la enorme ola de maltrato y violencia que sufren las mujeres, sin embargo el problema todav\u00eda no logra erradicarse ni generar una conciencia colectiva que corte finalmente con la cadena.<\/p>\n\n\n\n<p>El reciente caso de <strong>\u00darsula Bahillo,<\/strong> la joven de 18 a\u00f1os asesinada por su ex pareja en la localidad de Rojas, provincia de Buenos Aires, volvi\u00f3 a poner en el ojo p\u00fablico la delicada situaci\u00f3n que atraviesan miles de mujeres argentinas. Uno de los agregados m\u00e1s indignantes de esta historia es que el femicida, <strong>Mat\u00edas Ezequiel Mart\u00ednez (25)<\/strong>, pertenece a la Polic\u00eda de la Provincia de Buenos Aires y ya hab\u00eda sido denunciado 18 veces antes de que perpetre el crimen.<\/p>\n\n\n\n<p>El hombre se mostr\u00f3 violento en reiteradas ocasiones previas con \u00darsula y con otras ex parejas, sin embargo y pese a las denuncias realizadas, nadie evit\u00f3 el terrible y fat\u00eddico desenlace.<\/p>\n\n\n\n<p><strong><em>Relacionado: <a href=\"https:\/\/notinor.com\/jujuy\/buenos-aires-denuncio-a-su-ex-novio-por-violencia-de-genero-no-obtuvo-respuestas-y-fue-asesinada\/\">Buenos Aires | Denunci\u00f3 a su ex novio por violencia de g\u00e9nero, no obtuvo respuestas y fue asesinada<\/a><\/em><\/strong><\/p>\n\n\n\n<p>De acuerdo a un relevamiento realizado por el <strong><em>Observatorio Luc\u00eda Perez<\/em><\/strong>, <strong>se registraron 44 femicidios en lo que va del a\u00f1o 2021.<\/strong> Una cifra alarmante teniendo en cuenta que reci\u00e9n estamos atravesando la primera quincena del mes de febrero.<\/p>\n\n\n\n<p>De esta nada favorable cifra se desprenden los siguientes datos: <strong>7 sucedieron en lo que va de febrero y 37 femicidios y travesticidios en enero<\/strong>.<\/p>\n\n\n\n<p>Durante el primer mes del a\u00f1o se registraron, adem\u00e1s de las 37 muertes -2 estaban embarazadas-, otros 3 cr\u00edmenes en investigaci\u00f3n sospechados de femicidios; 29 intentos de asesinato a mujeres; 25 infancias hu\u00e9rfanas y 23 marchas exigiendo justicia en diferentes puntos del pa\u00eds.<\/p>\n\n\n\n<p>Cabe recordar que, seg\u00fan el informe del mismo observatorio, durante el a\u00f1o 2020 se produjeron 302 femicidios (13 en Jujuy).<\/p>\n\n\n\n<p><strong><em>Seguir leyendo: <a href=\"https:\/\/notinor.com\/jujuy\/caso-ana-moran-imputaron-a-un-hombre-por-la-muerte-de-la-adolescente\/\">Caso Ana Mor\u00e1n | Imputaron a un hombre por la muerte de la adolescente<\/a><\/em><\/strong><\/p>\n\n\n\n<p><strong><em>Podr\u00eda interesarte:<a href=\"https:\/\/notinor.com\/jujuy\/caso-iara-rueda-cachizumba-y-abad-fueron-chivos-expiatorios\/\"> Caso Iara Rueda | \u00abCachizumba y Abad fueron chivos expiatorios\u00bb<\/a><\/em><\/strong><\/p>\n","protected":false},"excerpt":{"rendered":"<p>El reciente caso de \u00darsula Bahillo volvi\u00f3 a dejar al descubierto una grave problem\u00e1tica que envuelve al pa\u00eds desde hace a\u00f1os. La violencia de g\u00e9nero intenta ser abordada a\u00f1o tras a\u00f1o con pol\u00edticas que tratan de paliar la enorme ola de maltrato y violencia que sufren las mujeres, sin embargo el problema todav\u00eda no logra [&hellip;]<\/p>\n","protected":false},"author":1,"featured_media":274451,"comment_status":"open","ping_status":"open","sticky":false,"template":"","format":"standard","meta":{"_stopmodifiedupdate":false,"_modified_date":"","inline_featured_image":false,"spay_email":"","jetpack_publicize_message":""},"categories":[2,5],"tags":[],"jetpack_featured_media_url":"https:\/\/notinor.com\/jujuy\/wp-content\/uploads\/2020\/11\/femicidio-marcha01oct-palpala-01.jpg","jetpack_publicize_connections":[],"_links":{"self":[{"href":"https:\/\/notinor.com\/jujuy\/wp-json\/wp\/v2\/posts\/287324"}],"collection":[{"href":"https:\/\/notinor.com\/jujuy\/wp-json\/wp\/v2\/posts"}],"about":[{"href":"https:\/\/notinor.com\/jujuy\/wp-json\/wp\/v2\/types\/post"}],"author":[{"embeddable":true,"href":"https:\/\/notinor.com\/jujuy\/wp-json\/wp\/v2\/users\/1"}],"replies":[{"embeddable":true,"href":"https:\/\/notinor.com\/jujuy\/wp-json\/wp\/v2\/comments?post=287324"}],"version-history":[{"count":1,"href":"https:\/\/notinor.com\/jujuy\/wp-json\/wp\/v2\/posts\/287324\/revisions"}],"predecessor-version":[{"id":287327,"href":"https:\/\/notinor.com\/jujuy\/wp-json\/wp\/v2\/posts\/287324\/revisions\/287327"}],"wp:featuredmedia":[{"embeddable":true,"href":"https:\/\/notinor.com\/jujuy\/wp-json\/wp\/v2\/media\/274451"}],"wp:attachment":[{"href":"https:\/\/notinor.com\/jujuy\/wp-json\/wp\/v2\/media?parent=287324"}],"wp:term":[{"taxonomy":"category","embeddable":true,"href":"https:\/\/notinor.com\/jujuy\/wp-json\/wp\/v2\/categories?post=287324"},{"taxonomy":"post_tag","embeddable":true,"href":"https:\/\/notinor.com\/jujuy\/wp-json\/wp\/v2\/tags?post=287324"}],"curies":[{"name":"wp","href":"https:\/\/api.w.org\/{rel}","templated":true}]}}