{"id":287320,"date":"2021-02-10T15:10:10","date_gmt":"2021-02-10T18:10:10","guid":{"rendered":"https:\/\/notinor.com\/jujuy\/?p=287320"},"modified":"2021-02-10T15:10:15","modified_gmt":"2021-02-10T18:10:15","slug":"maltrato-y-agredio-a-sus-hijos-fue-condenado-a-un-ano-y-medio-de-prision-condicional","status":"publish","type":"post","link":"https:\/\/notinor.com\/jujuy\/maltrato-y-agredio-a-sus-hijos-fue-condenado-a-un-ano-y-medio-de-prision-condicional\/","title":{"rendered":"Maltrat\u00f3 y agredi\u00f3 a sus hijos: fue condenado a un a\u00f1o y medio de prisi\u00f3n condicional"},"content":{"rendered":"\n<p>El hombre de San Salvador de Jujuy fue condenado luego de haber amenazado y agredido a dos de sus hijos. <\/p>\n\n\n\n<figure class=\"wp-block-image size-large\"><img decoding=\"async\" loading=\"lazy\" width=\"720\" height=\"480\" src=\"https:\/\/notinor.com\/jujuy\/wp-content\/uploads\/2021\/02\/maltrato-infantil-720x480.jpg\" alt=\"\" class=\"wp-image-287321\" srcset=\"https:\/\/notinor.com\/jujuy\/wp-content\/uploads\/2021\/02\/maltrato-infantil-720x480.jpg 720w, https:\/\/notinor.com\/jujuy\/wp-content\/uploads\/2021\/02\/maltrato-infantil-547x365.jpg 547w, https:\/\/notinor.com\/jujuy\/wp-content\/uploads\/2021\/02\/maltrato-infantil-768x512.jpg 768w, https:\/\/notinor.com\/jujuy\/wp-content\/uploads\/2021\/02\/maltrato-infantil-750x500.jpg 750w, https:\/\/notinor.com\/jujuy\/wp-content\/uploads\/2021\/02\/maltrato-infantil-1140x760.jpg 1140w, https:\/\/notinor.com\/jujuy\/wp-content\/uploads\/2021\/02\/maltrato-infantil.jpg 1300w\" sizes=\"(max-width: 720px) 100vw, 720px\" \/><\/figure>\n\n\n\n<p>El Tribunal en lo Criminal N\u00ba 3 resolvi\u00f3 condenar a un hombre, <strong>J.E.C.<\/strong>, a la pena de dieciocho meses de prisi\u00f3n de ejecuci\u00f3n condicional por considerarlo autor penalmente responsable del delito de<strong> \u201cLesiones leves agravadas por el v\u00ednculo y amenazas\u201d,<\/strong> por hechos ocurridos contra sus dos hijos menores de edad.<\/p>\n\n\n\n<p><strong>Los hechos<\/strong><\/p>\n\n\n\n<p>El d\u00eda 20 de diciembre del a\u00f1o 2019, a horas 15 aproximadamente, el inculpado J.E.C, se encontraba en su domicilio, ubicado en un barrio de San Salvador de Jujuy, junto a su pareja y a sus cuatro hijos menores de edad.<\/p>\n\n\n\n<p>Uno de los menores estaba comiendo, cuando el acusado, J.E.C, lanzo el plato de comida del ni\u00f1o al piso, \u00a0para luego dirigirse a la cocina, tomar un cuchillo y comenzar a correr al menor amenaz\u00e1ndolo con ese elemento. Posteriormente, procedi\u00f3 a agredir a otra de sus hijas, de 11 a\u00f1os de edad, propin\u00e1ndole un golpe de pu\u00f1o.<\/p>\n\n\n\n<p><strong>Reglas de conductas<\/strong><\/p>\n\n\n\n<p>Adem\u00e1s de la pena de ejecuci\u00f3n condicional, el Tribunal impuso al acusado restricciones que deber\u00e1n cumplirse por igual t\u00e9rmino de la condena y consisten en fijar residencia, la prohibici\u00f3n de consumir bebidas alcoh\u00f3licas y sustancias estupefacientes, no podr\u00e1 portar armas de fuego o armas blancas, no podr\u00e1 salir del territorio de la provincia ni tampoco del pa\u00eds, no podr\u00e1 participar de juegos de azar y deber\u00e1 presentarse ante el Patronato de Liberados y Encausados el \u00faltimo d\u00eda h\u00e1bil de cada mes, bajo apercibimiento de que si el mismo no cumpliere con algunas de las reglas impuestas se dispondr\u00e1 que no se compute como plazo de cumplimiento todo o parte del tiempo transcurrido hasta ese momento o revocar la condicionalidad en caso de que persistiere o reitere el incumplimiere.<\/p>\n\n\n\n<p>La sentencia fue dictada el pasado 28 de diciembre de 2020, por el &nbsp;Tribunal&nbsp; integrado por el juez Mario Ram\u00f3n Puig \u2013 presidente de tr\u00e1mite- y las juezas Ana Carolina P\u00e9rez Rojas y Mar\u00eda Margarita Nallar, quienes decidieron hacer lugar a la solicitud de juicio abreviado requerido por el Ministerio P\u00fablico Fiscal para el imputado, con asistencia de la abogada defensora.<\/p>\n\n\n\n<p>Como Fiscal se desempe\u00f1\u00f3 el Dr. Alejandro Bossatti y en defensa del acusado, la Dra. Silvana L\u00f3pez Nasr, los que solicitaron al Tribunal dicte sentencia conforme lo establece el Art. 385 del C\u00f3digo Procesal Penal de la provincia de Jujuy.<\/p>\n\n\n\n<p>La citada norma legal determina que <strong>el imputado debe expresar su conformidad, asistido por su defensor, sobre la existencia del hecho y la responsabilidad que se le atribuye, <\/strong>conforme la descripci\u00f3n y calificaci\u00f3n legal determinada en el requerimiento de elevaci\u00f3n \u00a0a juicio.<\/p>\n","protected":false},"excerpt":{"rendered":"<p>El hombre de San Salvador de Jujuy fue condenado luego de haber amenazado y agredido a dos de sus hijos. El Tribunal en lo Criminal N\u00ba 3 resolvi\u00f3 condenar a un hombre, J.E.C., a la pena de dieciocho meses de prisi\u00f3n de ejecuci\u00f3n condicional por considerarlo autor penalmente responsable del delito de \u201cLesiones leves agravadas [&hellip;]<\/p>\n","protected":false},"author":1,"featured_media":287321,"comment_status":"open","ping_status":"open","sticky":false,"template":"","format":"standard","meta":{"_stopmodifiedupdate":false,"_modified_date":"","inline_featured_image":false,"spay_email":"","jetpack_publicize_message":""},"categories":[2,3],"tags":[],"jetpack_featured_media_url":"https:\/\/notinor.com\/jujuy\/wp-content\/uploads\/2021\/02\/maltrato-infantil.jpg","jetpack_publicize_connections":[],"_links":{"self":[{"href":"https:\/\/notinor.com\/jujuy\/wp-json\/wp\/v2\/posts\/287320"}],"collection":[{"href":"https:\/\/notinor.com\/jujuy\/wp-json\/wp\/v2\/posts"}],"about":[{"href":"https:\/\/notinor.com\/jujuy\/wp-json\/wp\/v2\/types\/post"}],"author":[{"embeddable":true,"href":"https:\/\/notinor.com\/jujuy\/wp-json\/wp\/v2\/users\/1"}],"replies":[{"embeddable":true,"href":"https:\/\/notinor.com\/jujuy\/wp-json\/wp\/v2\/comments?post=287320"}],"version-history":[{"count":1,"href":"https:\/\/notinor.com\/jujuy\/wp-json\/wp\/v2\/posts\/287320\/revisions"}],"predecessor-version":[{"id":287322,"href":"https:\/\/notinor.com\/jujuy\/wp-json\/wp\/v2\/posts\/287320\/revisions\/287322"}],"wp:featuredmedia":[{"embeddable":true,"href":"https:\/\/notinor.com\/jujuy\/wp-json\/wp\/v2\/media\/287321"}],"wp:attachment":[{"href":"https:\/\/notinor.com\/jujuy\/wp-json\/wp\/v2\/media?parent=287320"}],"wp:term":[{"taxonomy":"category","embeddable":true,"href":"https:\/\/notinor.com\/jujuy\/wp-json\/wp\/v2\/categories?post=287320"},{"taxonomy":"post_tag","embeddable":true,"href":"https:\/\/notinor.com\/jujuy\/wp-json\/wp\/v2\/tags?post=287320"}],"curies":[{"name":"wp","href":"https:\/\/api.w.org\/{rel}","templated":true}]}}