{"id":287315,"date":"2021-02-10T14:41:13","date_gmt":"2021-02-10T17:41:13","guid":{"rendered":"https:\/\/notinor.com\/jujuy\/?p=287315"},"modified":"2021-02-10T14:41:18","modified_gmt":"2021-02-10T17:41:18","slug":"el-gobierno-les-prometio-a-los-gremios-que-no-habra-techo-para-las-paritarias","status":"publish","type":"post","link":"https:\/\/notinor.com\/jujuy\/el-gobierno-les-prometio-a-los-gremios-que-no-habra-techo-para-las-paritarias\/","title":{"rendered":"El Gobierno les prometi\u00f3 a los gremios que no habr\u00e1 techo para las paritarias"},"content":{"rendered":"\n<p>Los principales sindicalistas del pa\u00eds estuvieron en Casa Rosada. Ma\u00f1ana ser\u00e1 el turno de los empresarios y la pr\u00f3xima semana se realizar\u00e1 una mesa tripartita para unificar criterios que permitan monitorear la evoluci\u00f3n de precios y salarios<\/p>\n\n\n\n<figure class=\"wp-block-image size-large\"><img decoding=\"async\" loading=\"lazy\" width=\"750\" height=\"423\" src=\"https:\/\/notinor.com\/jujuy\/wp-content\/uploads\/2021\/02\/CAFIERO-1.jpg\" alt=\"\" class=\"wp-image-287317\" srcset=\"https:\/\/notinor.com\/jujuy\/wp-content\/uploads\/2021\/02\/CAFIERO-1.jpg 750w, https:\/\/notinor.com\/jujuy\/wp-content\/uploads\/2021\/02\/CAFIERO-1-647x365.jpg 647w\" sizes=\"(max-width: 750px) 100vw, 750px\" \/><\/figure>\n\n\n\n<p>\u201cEl Gobierno no les pondr\u00e1 techo a las paritarias\u201d, fue lo que dijo Santiago Cafiero a los representantes del sindicalismo argentino, al abrir la primera reuni\u00f3n del Gabinete Econ\u00f3mico para lograr un acuerdo de precios y salarios con el que el Gobierno espera contener la estampida inflacionaria que se verific\u00f3 en enero y se pronostica para febrero, que de continuar dejar\u00eda el \u00edndice muy por encima de las pautas que fij\u00f3 para el a\u00f1o. Esa introducci\u00f3n dio marco a un encuentro que transcurri\u00f3 durante dos horas en un clima de especial cordialidad. La tensi\u00f3n, se anticipa, se aguarda para ma\u00f1ana, en el encuentro con los empresarios.<\/p>\n\n\n\n<p>El ministro de Trabajo, Claudio Moroni, fue el encargado de hablar con los periodistas al salir del encuentro, donde ratific\u00f3 que \u201cun gobierno peronista no les pone techo a los salarios\u201d. Y aclar\u00f3 a lo que apunta la Casa Rosada: \u201cAdem\u00e1s de tener un buen proyecto macroecon\u00f3mico, necesitamos un acuerdo pol\u00edtico\u201d, asegur\u00f3, explicando que los encuentros que hoy se iniciaron son para \u201cgenerar las conductas, las pol\u00edticas y los monitoreos para que confluyan en nuestro proyecto macroecon\u00f3mico\u201d. \u201cEl proyecto pol\u00edtico del Gobierno es que los salarios crezcan por encima de la inflaci\u00f3n, as\u00ed que es un presupuesto b\u00e1sico que ya estaba previsto\u201d, declar\u00f3. Como figura en el Presupuesto, la aspiraci\u00f3n oficial es que los salarios superen entre 2 y 4 puntos la inflaci\u00f3n pasada.<\/p>\n\n\n\n<p>Moroni destac\u00f3 que \u201cestuvieron presentes todos los sectores\u201d, lo que efectivamente sucedi\u00f3, ya que el sindicalismo estuvo representado por todas las l\u00edneas en que est\u00e1 dividido. Y explic\u00f3 que \u201cno hay un contrato jur\u00eddico donde vamos a poner n\u00fameros, sino que lo que vamos a establecer es una metodolog\u00eda para monitorear la evoluci\u00f3n de precios y salarios, y sentarnos cada vez que sea necesario para que se pueda cumplir con los planes\u201d.<\/p>\n\n\n\n<p>La jornada empez\u00f3 en Casa Rosada con una reuni\u00f3n de Gabinete Econ\u00f3mico que coordina el jefe de Gabinete de Ministros e integran el ministro de Econom\u00eda, Mart\u00edn Guzm\u00e1n, el ministro de Desarrollo Productivo, Mat\u00edas Kulfas, el ya mencionado Moroni, la titular de la AFIP, Mercedes Marc\u00f3 del Pont, el presidente del Banco Central, Miguel \u00c1ngel Pesce y la vicejefa de Gabinete, Cecilia Todesca.<\/p>\n\n\n\n<p>All\u00ed, se termin\u00f3 de delinear el m\u00e9todo a implementarse en la sucesi\u00f3n de las reuniones, sustentado en un informe preparado por Guzm\u00e1n, quien descree de los m\u00e9todos compulsivos para frenar la inflaci\u00f3n. \u201cModerar las expectativas\u201d, que es lo que busca el Gobierno, no es un objetivo f\u00e1cil de traducir en par\u00e1metros medibles, con un sustento macroecon\u00f3mico suficientemente cre\u00edble y contrastable. Por eso lo que habr\u00e1, tal como dijo Moroni, es un \u201cmonitoreo bajo un acuerdo pol\u00edtico\u201d.<\/p>\n\n\n\n<p>El grupo despu\u00e9s se traslad\u00f3 al Museo del Bicentenario, donde se concret\u00f3 el encuentro que se realiz\u00f3 a puertas cerradas. Hasta all\u00ed se dirigieron los sindicalistas H\u00e9ctor Daer (Sanidad), Andr\u00e9s Rodr\u00edguez (UPCN), Armando Cavalieri (Comercio), Hugo Moyano (Camioneros), Gerardo Mart\u00ednez (UOCRA), Sergio Romero (UDA), Roberto Fern\u00e1ndez (UTA), Antonio Cal\u00f3 (UOM), Jos\u00e9 Luis Lingeri (Aguas), V\u00edctor Santamar\u00eda (porteros), Sergio Palazzo (bancarios), Hugo Yasky (CTA) y Ricardo Peidr\u00f3 (CTA-Aut\u00f3noma).<\/p>\n\n\n\n<p>El Gobierno lo que pretende es \u201carmonizar precios y salarios\u201d en el 2021, a\u00f1o electoral y todav\u00eda golpeado por la pandemia, en base a un mecanismo que est\u00e9 integrado por todos los jugadores de la econom\u00eda real. Parte del supuesto de que \u201ceste a\u00f1o no habr\u00e1 tensi\u00f3n con el d\u00f3lar, sino con la puja distributiva\u201d. Por eso, lo que busca la Casa Rosada \u2013trascendi\u00f3\u2013 \u201cno es una foto, sino definir una hoja de ruta que valide\u201d lo que el Ejecutivo hizo figurar en la Ley de Presupuesto en materia de inflaci\u00f3n, 29%.<\/p>\n\n\n\n<p>Sindicalistas y empresarios no ocultan su desconfianza en torno a la viabilidad de un acuerdo de precios y salarios en la Argentina, m\u00e9todo que fracas\u00f3 sistem\u00e1ticamente a lo largo de la historia, desde la primera vez que lo implement\u00f3 el ministro de Econom\u00eda Jos\u00e9 Ber Gelbard mientras gobernaba Juan Domingo Per\u00f3n, que deriv\u00f3 en el \u201crodrigazo\u201d, ya con la gesti\u00f3n de Mar\u00eda Estela Mart\u00ednez, la viuda de Per\u00f3n.<\/p>\n\n\n\n<p>\u201cCreo que es muy respetable que se busque tener un panorama con criterio para que nadie se desborde en muchas actividades comerciales y empresariales que se van al abuso y especulaci\u00f3n. Pero lo que s\u00e9 es que hay innovar, repetir lo que pas\u00f3 en otras \u00e9pocas no tiene sentido, porque ya se sabe c\u00f3mo termin\u00f3. Mi expectativa es que se genere innovaci\u00f3n en una propuesta que sea solvente no solo desde lo ideol\u00f3gico, sino de lo concreto espec\u00edfico\u201d, analiz\u00f3 para Infobae uno de los dirigentes m\u00e1s l\u00facidos que tiene el sindicalismo argentino.<\/p>\n\n\n\n<p>Por su lado, al salir de la Casa Rosada, el secretario general de la CGT, H\u00e9ctor Daer, dijo: \u201cHoy se nos convoc\u00f3 a un acuerdo con tres pilares, recuperaci\u00f3n del salario, bajar la inflaci\u00f3n y generar las condiciones pol\u00edticas para acompasar con los valores del Presupuesto todo el desarrollo de la econom\u00eda en cuanto a precios y salarios\u201d. \u201cTodos vamos a participar del seguimiento finito de cada cadena del valor\u201d, asegur\u00f3. Antes, al llegar, hab\u00eda explicado: \u201cQueremos transitar el a\u00f1o con un plan que vaya reduciendo la inflaci\u00f3n para que los trabajadores tengamos recuperaci\u00f3n salarial\u201d.<\/p>\n\n\n\n<p>Yasky de la CTA, al salir, pidi\u00f3 que \u201clos acuerdos no se los terminen embolsando con la remarcaci\u00f3n los formadores de precios\u201d. Agreg\u00f3 que \u201cnunca va a haber recuperaci\u00f3n del consumo y del comercio si no recuperamos los m\u00e1s de 20 puntos que perdieron los salarios durante el gobierno de Mauricio Macri\u201d, y se mostr\u00f3 confiado en que puedan recuperarse este a\u00f1o.<\/p>\n\n\n\n<p>Peidr\u00f3, secretario general de la CTA Aut\u00f3noma, anticip\u00f3: \u201cNo somos optimistas con respecto a que la pauta inflacionaria est\u00e9 en el orden de lo que plantea el Gobierno; por el contrario, nosotros creemos que estar\u00e1 alrededor del 40%. Deber\u00eda realizarse un ajuste autom\u00e1tico si la inflaci\u00f3n es mayor, porque qued\u00f3 demostrado que el salario no es el que provoque la inflaci\u00f3n, sino los formadores de precios a quienes hay que disciplinar, no a los trabajadores\u201d.<\/p>\n\n\n\n<p>Ma\u00f1ana, a la misma hora y en el mismo lugar, ser\u00e1 el turno de la reuni\u00f3n del Gabinete econ\u00f3mico con los empresarios. Y para la semana pr\u00f3xima, presumiblemente el martes 24, antes de que el Presidente viaje a M\u00e9xico porque \u00e9l mismo se sentar\u00eda a la mesa, se dar\u00eda a conocer el acuerdo tripartito. Antes, habr\u00e1 una estaci\u00f3n intermedia para que los funcionarios de la Casa Rosada convoquen a la peque\u00f1a y mediana empresa, tambi\u00e9n.<\/p>\n\n\n\n<p>Un asunto que vale la pena aclarar, a esta altura, es que este acuerdo de precios y salarios sobre el que est\u00e1 trabajando el Gobierno no es el llamado Consejo Econ\u00f3mico y Social que Alberto Fern\u00e1ndez confirm\u00f3 que llevar\u00e1 adelante en la ponencia que dirigi\u00f3 en el Foro Davos. \u201cEl acuerdo es de corto plazo y el Consejo lo estamos dise\u00f1ando para el mediano y el largo y se est\u00e1n ultimando los detalles para su lanzamiento\u201d, dijo un funcionario muy allegado al Presidente. Anticip\u00f3, adem\u00e1s, que el futuro Consejo se realizar\u00e1 bajo la gu\u00eda \u201cDi\u00e1logo Social Tripartito de \u00c1mbito Nacional\u201d que dise\u00f1\u00f3 la OIT (y ya fue implementada en Grecia y B\u00e9lgica, entre otros pa\u00edses) y ser\u00e1 coordinada por el secretario de Asuntos Estrat\u00e9gicos, Gustavo B\u00e9liz.<\/p>\n\n\n\n<figure class=\"wp-block-image size-large\"><img decoding=\"async\" loading=\"lazy\" width=\"750\" height=\"422\" src=\"https:\/\/notinor.com\/jujuy\/wp-content\/uploads\/2021\/02\/CAFIERO-2.jpg\" alt=\"\" class=\"wp-image-287318\" srcset=\"https:\/\/notinor.com\/jujuy\/wp-content\/uploads\/2021\/02\/CAFIERO-2.jpg 750w, https:\/\/notinor.com\/jujuy\/wp-content\/uploads\/2021\/02\/CAFIERO-2-649x365.jpg 649w, https:\/\/notinor.com\/jujuy\/wp-content\/uploads\/2021\/02\/CAFIERO-2-500x280.jpg 500w\" sizes=\"(max-width: 750px) 100vw, 750px\" \/><\/figure>\n","protected":false},"excerpt":{"rendered":"<p>Los principales sindicalistas del pa\u00eds estuvieron en Casa Rosada. Ma\u00f1ana ser\u00e1 el turno de los empresarios y la pr\u00f3xima semana se realizar\u00e1 una mesa tripartita para unificar criterios que permitan monitorear la evoluci\u00f3n de precios y salarios \u201cEl Gobierno no les pondr\u00e1 techo a las paritarias\u201d, fue lo que dijo Santiago Cafiero a los representantes [&hellip;]<\/p>\n","protected":false},"author":5,"featured_media":287316,"comment_status":"open","ping_status":"open","sticky":false,"template":"","format":"standard","meta":{"_stopmodifiedupdate":false,"_modified_date":"","inline_featured_image":false,"spay_email":"","jetpack_publicize_message":""},"categories":[676],"tags":[],"jetpack_featured_media_url":"https:\/\/notinor.com\/jujuy\/wp-content\/uploads\/2021\/02\/CAFIERO.jpg","jetpack_publicize_connections":[],"_links":{"self":[{"href":"https:\/\/notinor.com\/jujuy\/wp-json\/wp\/v2\/posts\/287315"}],"collection":[{"href":"https:\/\/notinor.com\/jujuy\/wp-json\/wp\/v2\/posts"}],"about":[{"href":"https:\/\/notinor.com\/jujuy\/wp-json\/wp\/v2\/types\/post"}],"author":[{"embeddable":true,"href":"https:\/\/notinor.com\/jujuy\/wp-json\/wp\/v2\/users\/5"}],"replies":[{"embeddable":true,"href":"https:\/\/notinor.com\/jujuy\/wp-json\/wp\/v2\/comments?post=287315"}],"version-history":[{"count":1,"href":"https:\/\/notinor.com\/jujuy\/wp-json\/wp\/v2\/posts\/287315\/revisions"}],"predecessor-version":[{"id":287319,"href":"https:\/\/notinor.com\/jujuy\/wp-json\/wp\/v2\/posts\/287315\/revisions\/287319"}],"wp:featuredmedia":[{"embeddable":true,"href":"https:\/\/notinor.com\/jujuy\/wp-json\/wp\/v2\/media\/287316"}],"wp:attachment":[{"href":"https:\/\/notinor.com\/jujuy\/wp-json\/wp\/v2\/media?parent=287315"}],"wp:term":[{"taxonomy":"category","embeddable":true,"href":"https:\/\/notinor.com\/jujuy\/wp-json\/wp\/v2\/categories?post=287315"},{"taxonomy":"post_tag","embeddable":true,"href":"https:\/\/notinor.com\/jujuy\/wp-json\/wp\/v2\/tags?post=287315"}],"curies":[{"name":"wp","href":"https:\/\/api.w.org\/{rel}","templated":true}]}}