{"id":287307,"date":"2021-02-10T13:48:40","date_gmt":"2021-02-10T16:48:40","guid":{"rendered":"https:\/\/notinor.com\/jujuy\/?p=287307"},"modified":"2021-02-10T13:48:45","modified_gmt":"2021-02-10T16:48:45","slug":"la-oms-avalo-el-uso-de-la-vacuna-de-astrazeneca-y-oxford-contra-el-coronavirus-para-mayores-de-65-anos","status":"publish","type":"post","link":"https:\/\/notinor.com\/jujuy\/la-oms-avalo-el-uso-de-la-vacuna-de-astrazeneca-y-oxford-contra-el-coronavirus-para-mayores-de-65-anos\/","title":{"rendered":"La OMS aval\u00f3 el uso de la vacuna de AstraZeneca y Oxford contra el coronavirus para mayores de 65 a\u00f1os"},"content":{"rendered":"\n<p>El organismo recomend\u00f3 el ensayo para su utilizaci\u00f3n de emergencia entre 8 y 12 semanas de diferencia entre la aplicaci\u00f3n de la primera dosis y la segunda<\/p>\n\n\n\n<figure class=\"wp-block-image size-large\"><img decoding=\"async\" loading=\"lazy\" width=\"719\" height=\"480\" src=\"https:\/\/notinor.com\/jujuy\/wp-content\/uploads\/2021\/02\/astra-zeneca-719x480.jpg\" alt=\"\" class=\"wp-image-287309\" srcset=\"https:\/\/notinor.com\/jujuy\/wp-content\/uploads\/2021\/02\/astra-zeneca-719x480.jpg 719w, https:\/\/notinor.com\/jujuy\/wp-content\/uploads\/2021\/02\/astra-zeneca-546x365.jpg 546w, https:\/\/notinor.com\/jujuy\/wp-content\/uploads\/2021\/02\/astra-zeneca.jpg 750w\" sizes=\"(max-width: 719px) 100vw, 719px\" \/><\/figure>\n\n\n\n<p>La Organizaci\u00f3n Mundial para la Salud (OMS) recomend\u00f3 el uso de emergencia la vacuna de la Universidad de Oxford y AstraZeneca contra el coronavirus para mayores de 65 a\u00f1os, luego de que varios pa\u00edses europeos decidieran no hacerlo por falta de informaci\u00f3n sobre su efectividad y seguridad en ese grupo etario.<\/p>\n\n\n\n<p>Pa\u00edses como Alemania, Austria, B\u00e9lgica, Dinamarca, Francia, Italia, Noruega Suecia, Suiza, Polonia y Portugal hab\u00edan anunciado que no aplicar\u00edan la vacuna a mayores de 65 a\u00f1os alegando que no hay suficientes datos sobre la efectividad del ensayo.<\/p>\n\n\n\n<p>Sin embargo, el organismo recomend\u00f3 la vacuna a \u201ctodas las personas mayores de 18 a\u00f1os sin l\u00edmite de edad superior\u201d.<\/p>\n\n\n\n<p>\u201cLos resultados de la estimaci\u00f3n de eficacia para personas de hasta 65 a\u00f1os o m\u00e1s ten\u00edan un intervalo de confianza amplio y, por lo tanto, creemos que la respuesta de este grupo no puede ser diferente a los grupos de menor edad\u201d, dijo Alejandro Cravioto, presidente de Grupo Asesor Estrat\u00e9gico de Expertos en Inmunizaci\u00f3n (SAGE) de la OMS.<\/p>\n\n\n\n<p>Cravioto tambi\u00e9n afirm\u00f3 que hay \u201cevidencia significativa\u201d de que la vacuna de AstraZeneca es eficaz contra la mutaci\u00f3n B117 del coronavirus, tambi\u00e9n conocida como variante sudafricana.<\/p>\n\n\n\n<p>La declaraci\u00f3n se produce luego de que Sud\u00e1frica decidiera detener el martes el lanzamiento del inoculante y amenazara con vender sus suministros tras resultados de ensayos \u201cdecepcionantes\u201d contra la nueva variante del pa\u00eds.<\/p>\n\n\n\n<p>La decisi\u00f3n de no aplicar la vacuna de AstraZeneca (\u00fanica que hab\u00eda llegado al pa\u00eds hasta ahora) se tom\u00f3 despu\u00e9s de que se conocieran los datos preliminares de un estudio desarrollado por la Universidad de Oxford y la Universidad de Witwatersrand (Johannesburgo). Seg\u00fan ese reporte, adelantado por el Financial Times, la soluci\u00f3n ofrec\u00eda solo alrededor de un 22% de eficacia contra casos leves y moderados de la variante 501Y.V2 (\u00f3 B.1.351).<\/p>\n\n\n\n<p>Esta se descubri\u00f3 en el pa\u00eds en diciembre pasado y desde entonces se volvi\u00f3 dominante. Es un 50% m\u00e1s contagiosa, seg\u00fan los datos recabados hasta ahora, pero no se ha manifestado con m\u00e1s gravedad para los pacientes.<\/p>\n\n\n\n<p>De todas maneras, la OMS se\u00f1al\u00f3 que los datos del ensayo eran \u201cdemasiado peque\u00f1os\u201d para limitar su implementaci\u00f3n en cualquier pa\u00eds.<\/p>\n\n\n\n<p>\u201cTeniendo en cuenta todos estos factores, hemos hecho la recomendaci\u00f3n de que incluso si hay una reducci\u00f3n en la posibilidad de que estas vacunas tengan un impacto total en su capacidad de protecci\u00f3n contra enfermedades graves, no hay raz\u00f3n para no recomendar su uso incluso en pa\u00edses que presentan circulaci\u00f3n de la variante\u201c, afirm\u00f3 Cravioto.<\/p>\n\n\n\n<p>En un informe publicado esta tarde, la OMS concluy\u00f3 que la vacuna de AstraZeneca tiene un 63% de efectividad para prevenir los s\u00edntomas de la enfermedad de COVID-19.<\/p>\n\n\n\n<p>Se espera que la eficacia sea mayor en la prevenci\u00f3n de enfermedades graves y cercanas al 100% en la prevenci\u00f3n de muertes relacionadas con coronavirus.<\/p>\n","protected":false},"excerpt":{"rendered":"<p>El organismo recomend\u00f3 el ensayo para su utilizaci\u00f3n de emergencia entre 8 y 12 semanas de diferencia entre la aplicaci\u00f3n de la primera dosis y la segunda La Organizaci\u00f3n Mundial para la Salud (OMS) recomend\u00f3 el uso de emergencia la vacuna de la Universidad de Oxford y AstraZeneca contra el coronavirus para mayores de 65 [&hellip;]<\/p>\n","protected":false},"author":5,"featured_media":287308,"comment_status":"open","ping_status":"open","sticky":false,"template":"","format":"standard","meta":{"_stopmodifiedupdate":false,"_modified_date":"","inline_featured_image":false,"spay_email":"","jetpack_publicize_message":""},"categories":[6],"tags":[],"jetpack_featured_media_url":"https:\/\/notinor.com\/jujuy\/wp-content\/uploads\/2021\/02\/astrazeneca.jpg","jetpack_publicize_connections":[],"_links":{"self":[{"href":"https:\/\/notinor.com\/jujuy\/wp-json\/wp\/v2\/posts\/287307"}],"collection":[{"href":"https:\/\/notinor.com\/jujuy\/wp-json\/wp\/v2\/posts"}],"about":[{"href":"https:\/\/notinor.com\/jujuy\/wp-json\/wp\/v2\/types\/post"}],"author":[{"embeddable":true,"href":"https:\/\/notinor.com\/jujuy\/wp-json\/wp\/v2\/users\/5"}],"replies":[{"embeddable":true,"href":"https:\/\/notinor.com\/jujuy\/wp-json\/wp\/v2\/comments?post=287307"}],"version-history":[{"count":1,"href":"https:\/\/notinor.com\/jujuy\/wp-json\/wp\/v2\/posts\/287307\/revisions"}],"predecessor-version":[{"id":287310,"href":"https:\/\/notinor.com\/jujuy\/wp-json\/wp\/v2\/posts\/287307\/revisions\/287310"}],"wp:featuredmedia":[{"embeddable":true,"href":"https:\/\/notinor.com\/jujuy\/wp-json\/wp\/v2\/media\/287308"}],"wp:attachment":[{"href":"https:\/\/notinor.com\/jujuy\/wp-json\/wp\/v2\/media?parent=287307"}],"wp:term":[{"taxonomy":"category","embeddable":true,"href":"https:\/\/notinor.com\/jujuy\/wp-json\/wp\/v2\/categories?post=287307"},{"taxonomy":"post_tag","embeddable":true,"href":"https:\/\/notinor.com\/jujuy\/wp-json\/wp\/v2\/tags?post=287307"}],"curies":[{"name":"wp","href":"https:\/\/api.w.org\/{rel}","templated":true}]}}