{"id":287293,"date":"2021-02-10T12:46:05","date_gmt":"2021-02-10T15:46:05","guid":{"rendered":"https:\/\/notinor.com\/jujuy\/?p=287293"},"modified":"2021-02-10T12:46:10","modified_gmt":"2021-02-10T15:46:10","slug":"autorizan-a-los-fiscales-a-peritar-los-celulares-de-diego-maradona","status":"publish","type":"post","link":"https:\/\/notinor.com\/jujuy\/autorizan-a-los-fiscales-a-peritar-los-celulares-de-diego-maradona\/","title":{"rendered":"Autorizan a los fiscales a peritar los celulares de Diego Maradona"},"content":{"rendered":"\n<p>Son dos smartphones iPhone secuestrados en la habitaci\u00f3n del country donde el 25 de noviembre falleci\u00f3 el ex jugador. A partir de la decisi\u00f3n del juez, los investigadores podr\u00e1n analizar las llamadas y los mensajes de sus \u00faltimos d\u00edas.<\/p>\n\n\n\n<figure class=\"wp-block-image size-large\"><img decoding=\"async\" loading=\"lazy\" width=\"750\" height=\"381\" src=\"https:\/\/notinor.com\/jujuy\/wp-content\/uploads\/2021\/02\/maradona-1.jpg\" alt=\"\" class=\"wp-image-287294\" srcset=\"https:\/\/notinor.com\/jujuy\/wp-content\/uploads\/2021\/02\/maradona-1.jpg 750w, https:\/\/notinor.com\/jujuy\/wp-content\/uploads\/2021\/02\/maradona-1-660x335.jpg 660w\" sizes=\"(max-width: 750px) 100vw, 750px\" \/><\/figure>\n\n\n\n<p>El juez de Garant\u00edas 2 de San Isidro, Orlando D\u00edaz, autoriz\u00f3 este mi\u00e9rcoles la apertura de los dos tel\u00e9fonos celulares que pertenec\u00edan a Diego Armando Maradona (60) secuestrados en la habitaci\u00f3n donde falleci\u00f3 el pasado 25 de noviembre en un country del partido bonaerense de Tigre, informaron fuentes judiciales.<\/p>\n\n\n\n<p>Se trata de dos smartphones iPhone de la marca Apple \u2013uno gris oscuro y el otro negro-, que ahora podr\u00e1n ser peritados por el equipo de fiscales de San Isidro que investiga las circunstancias de la muerte del Diez para analizar su contenido.<\/p>\n\n\n\n<p>En un primer momento, los fiscales prefirieron preservar la intimidad del ex capit\u00e1n de la selecci\u00f3n argentina campeona del mundo en M\u00e9xico 86 y dejaron secuestrados, ensobrados y sellados los dos tel\u00e9fonos, pero ahora le explicaron al juez que la diligencia es necesaria \"con el objeto de recolectar mayores medidas de prueba\", para lo cual necesitan conocer las llamadas entrantes y salientes, la mensajer\u00eda y los registros de voz.<\/p>\n\n\n\n<p>D\u00edaz aval\u00f3 el pedido de los fiscales Cosme Iribarren, Patricio Ferrari y Laura Capra, y ahora les devolvi\u00f3 la causa.<\/p>\n\n\n\n<p>En esta jornada, en tanto, citaron a declarar a la sede de la Fiscal\u00eda General de San Isidro \u2013el b\u00fanker elegido por los investigadores para trabajar el expediente-, tres testigos.<\/p>\n\n\n\n<p>La primera citada es Griselda Vanesa Morel, una mujer que, seg\u00fan explicaron las fuentes, es la psicopedagoga de Dieguito Fernando, el hijo menor de Maradona y supervisaba los encuentros entre padre e hijo en la casa del barrio privado Campos de Roca II, de la localidad bonaerense de Brandsen.<\/p>\n\n\n\n<p>La segunda testigo de la jornada ser\u00e1 Romina Milagros Rodr\u00edguez, m\u00e1s conocida como la cocinera \"Monona\", quien ya hab\u00eda declarado en el expediente, estuvo en el momento en el que Maradona falleci\u00f3 y en los \u00faltimos d\u00edas dio una entrevista televisiva.<\/p>\n\n\n\n<p>El tercer y \u00faltimo testigo convocado para este mi\u00e9rcoles despu\u00e9s del mediod\u00eda es un acompa\u00f1ante terap\u00e9utico que tuvo el DT de Gimnasia llamado Carlos Cotar.<\/p>\n\n\n\n<p>Un cuarto testigo cuya declaraci\u00f3n qued\u00f3 diferida para cuando pueda ir a declarar, es el de Carlos \u00c1lvarez, ex director del instituto cardiovascular Sacre Coeur de Palermo, cerrado en 2012, donde Maradona fue internado en 2000 luego de la descompensaci\u00f3n que sufri\u00f3 en Punta del Este.<\/p>\n\n\n\n<p>Maradona, la mayor figura de la historia del f\u00fatbol mundial, muri\u00f3 a los 60 a\u00f1os el 25 de noviembre de 2020 al mediod\u00eda, en una casa que su familia hab\u00eda alquilado en el barrio privado San Andr\u00e9s, de Tigre, a dos semanas de su externaci\u00f3n de la Cl\u00ednica Olivos, donde hab\u00eda sido sometido a una neurocirug\u00eda por un hematoma subdural en el cerebro.<\/p>\n\n\n\n<p>La autopsia determin\u00f3 que muri\u00f3 como consecuencia de un \"edema agudo de pulm\u00f3n secundario a una insuficiencia card\u00edaca cr\u00f3nica reagudizada\" y descubrieron en su coraz\u00f3n una \"miocardiopat\u00eda dilatada\".<\/p>\n\n\n\n<p>De acuerdo con los resultados de los estudios toxicol\u00f3gicos realizados, Maradona no ten\u00eda alcohol ni drogas ilegales en su organismo, aunque s\u00ed detectaron psicof\u00e1rmacos.<\/p>\n\n\n\n<p>El foco de la investigaci\u00f3n penal est\u00e1 puesto en determinar si la internaci\u00f3n domiciliaria era la adecuada para un paciente como Maradona, si hubo mala praxis m\u00e9dica y si la muerte del Diez se pudo haber evitado.<\/p>\n","protected":false},"excerpt":{"rendered":"<p>Son dos smartphones iPhone secuestrados en la habitaci\u00f3n del country donde el 25 de noviembre falleci\u00f3 el ex jugador. A partir de la decisi\u00f3n del juez, los investigadores podr\u00e1n analizar las llamadas y los mensajes de sus \u00faltimos d\u00edas. El juez de Garant\u00edas 2 de San Isidro, Orlando D\u00edaz, autoriz\u00f3 este mi\u00e9rcoles la apertura de [&hellip;]<\/p>\n","protected":false},"author":5,"featured_media":287294,"comment_status":"open","ping_status":"open","sticky":false,"template":"","format":"standard","meta":{"_stopmodifiedupdate":false,"_modified_date":"","inline_featured_image":false,"spay_email":"","jetpack_publicize_message":""},"categories":[5],"tags":[],"jetpack_featured_media_url":"https:\/\/notinor.com\/jujuy\/wp-content\/uploads\/2021\/02\/maradona-1.jpg","jetpack_publicize_connections":[],"_links":{"self":[{"href":"https:\/\/notinor.com\/jujuy\/wp-json\/wp\/v2\/posts\/287293"}],"collection":[{"href":"https:\/\/notinor.com\/jujuy\/wp-json\/wp\/v2\/posts"}],"about":[{"href":"https:\/\/notinor.com\/jujuy\/wp-json\/wp\/v2\/types\/post"}],"author":[{"embeddable":true,"href":"https:\/\/notinor.com\/jujuy\/wp-json\/wp\/v2\/users\/5"}],"replies":[{"embeddable":true,"href":"https:\/\/notinor.com\/jujuy\/wp-json\/wp\/v2\/comments?post=287293"}],"version-history":[{"count":1,"href":"https:\/\/notinor.com\/jujuy\/wp-json\/wp\/v2\/posts\/287293\/revisions"}],"predecessor-version":[{"id":287295,"href":"https:\/\/notinor.com\/jujuy\/wp-json\/wp\/v2\/posts\/287293\/revisions\/287295"}],"wp:featuredmedia":[{"embeddable":true,"href":"https:\/\/notinor.com\/jujuy\/wp-json\/wp\/v2\/media\/287294"}],"wp:attachment":[{"href":"https:\/\/notinor.com\/jujuy\/wp-json\/wp\/v2\/media?parent=287293"}],"wp:term":[{"taxonomy":"category","embeddable":true,"href":"https:\/\/notinor.com\/jujuy\/wp-json\/wp\/v2\/categories?post=287293"},{"taxonomy":"post_tag","embeddable":true,"href":"https:\/\/notinor.com\/jujuy\/wp-json\/wp\/v2\/tags?post=287293"}],"curies":[{"name":"wp","href":"https:\/\/api.w.org\/{rel}","templated":true}]}}