{"id":287181,"date":"2021-02-09T19:47:23","date_gmt":"2021-02-09T22:47:23","guid":{"rendered":"https:\/\/notinor.com\/jujuy\/?p=287181"},"modified":"2021-02-09T19:47:27","modified_gmt":"2021-02-09T22:47:27","slug":"suspendieron-el-carnaval-en-humahuaca","status":"publish","type":"post","link":"https:\/\/notinor.com\/jujuy\/suspendieron-el-carnaval-en-humahuaca\/","title":{"rendered":"Suspendieron el Carnaval en Humahuaca"},"content":{"rendered":"\n<p>Con el fin de preservar la salud de sus pobladores, las comparsas, funcionarios municipales y provinciales determinaron la suspensi\u00f3n del tradicional evento.<\/p>\n\n\n\n<figure class=\"wp-block-image size-large\"><img decoding=\"async\" loading=\"lazy\" width=\"840\" height=\"480\" src=\"https:\/\/notinor.com\/jujuy\/wp-content\/uploads\/2021\/02\/carnaval-humahuaca.jpg\" alt=\"\" class=\"wp-image-287182\" srcset=\"https:\/\/notinor.com\/jujuy\/wp-content\/uploads\/2021\/02\/carnaval-humahuaca.jpg 840w, https:\/\/notinor.com\/jujuy\/wp-content\/uploads\/2021\/02\/carnaval-humahuaca-639x365.jpg 639w, https:\/\/notinor.com\/jujuy\/wp-content\/uploads\/2021\/02\/carnaval-humahuaca-768x439.jpg 768w, https:\/\/notinor.com\/jujuy\/wp-content\/uploads\/2021\/02\/carnaval-humahuaca-750x429.jpg 750w\" sizes=\"(max-width: 840px) 100vw, 840px\" \/><\/figure>\n\n\n\n<p>Luego de varias idas y vueltas, finalmente la ciudad de Humahuaca no celebrar\u00e1 el tradicional Carnaval en su edici\u00f3n 2021. La medida se toma a ra\u00edz de la situaci\u00f3n epidemiol\u00f3gica y con el fin de cuidar a la poblaci\u00f3n de una eventual segunda ola de contagios de Covid-19.<\/p>\n\n\n\n<p>Hoy, en horas de la tarde, se reunieron los presidentes de las comparsas junto a miembros del gabinete provincial y la intendenta de la localidad, Karina Paniagua, y determinaron la suspensi\u00f3n de los festejos. Dicha iniciativa surgi\u00f3 directamente de las comparsas, advirtiendo que la celebraci\u00f3n del Carnaval podr\u00eda derivar en una enorme cantidad de personas transitando y dirigi\u00e9ndose a la ciudad quebrade\u00f1a. Por ello, y en pos de mantenerse al margen de las normas impuestas por el COE, suspendieron la festividad.<\/p>\n\n\n\n<p>Se acord\u00f3 \u00fanicamente llevar adelante los rituales de entierro y desentierro en las comparsas, respetando estrictamente los lineamientos que el COE Provincial emiti\u00f3 para estas fechas. Ni siquiera fueron habilitados los tradicionales \"diablos\", quienes recorr\u00edan los alrededores y calles de la ciudad de Humahuaca.<\/p>\n\n\n\n<p>Asimismo, durante el mediod\u00eda se llev\u00f3 adelante una conferencia de prensa desde el \u00e1rea de Seguridad y de Turismo de la provincia para informar sobre la restricci\u00f3n para circular entre diferentes localidades que comenzar\u00e1 a regir desde este jueves.<\/p>\n\n\n\n<p><strong><em>Seguir leyendo: <a href=\"https:\/\/notinor.com\/jujuy\/carnaval-2021-este-jueves-restringiran-la-circulacion-entre-localidades\/\">Carnaval 2021 | Este jueves restringir\u00e1n la circulaci\u00f3n entre localidades<\/a><\/em><\/strong><\/p>\n","protected":false},"excerpt":{"rendered":"<p>Con el fin de preservar la salud de sus pobladores, las comparsas, funcionarios municipales y provinciales determinaron la suspensi\u00f3n del tradicional evento. Luego de varias idas y vueltas, finalmente la ciudad de Humahuaca no celebrar\u00e1 el tradicional Carnaval en su edici\u00f3n 2021. La medida se toma a ra\u00edz de la situaci\u00f3n epidemiol\u00f3gica y con el [&hellip;]<\/p>\n","protected":false},"author":1,"featured_media":287182,"comment_status":"open","ping_status":"open","sticky":false,"template":"","format":"standard","meta":{"_stopmodifiedupdate":false,"_modified_date":"","inline_featured_image":false,"spay_email":"","jetpack_publicize_message":""},"categories":[2,4],"tags":[],"jetpack_featured_media_url":"https:\/\/notinor.com\/jujuy\/wp-content\/uploads\/2021\/02\/carnaval-humahuaca.jpg","jetpack_publicize_connections":[],"_links":{"self":[{"href":"https:\/\/notinor.com\/jujuy\/wp-json\/wp\/v2\/posts\/287181"}],"collection":[{"href":"https:\/\/notinor.com\/jujuy\/wp-json\/wp\/v2\/posts"}],"about":[{"href":"https:\/\/notinor.com\/jujuy\/wp-json\/wp\/v2\/types\/post"}],"author":[{"embeddable":true,"href":"https:\/\/notinor.com\/jujuy\/wp-json\/wp\/v2\/users\/1"}],"replies":[{"embeddable":true,"href":"https:\/\/notinor.com\/jujuy\/wp-json\/wp\/v2\/comments?post=287181"}],"version-history":[{"count":1,"href":"https:\/\/notinor.com\/jujuy\/wp-json\/wp\/v2\/posts\/287181\/revisions"}],"predecessor-version":[{"id":287183,"href":"https:\/\/notinor.com\/jujuy\/wp-json\/wp\/v2\/posts\/287181\/revisions\/287183"}],"wp:featuredmedia":[{"embeddable":true,"href":"https:\/\/notinor.com\/jujuy\/wp-json\/wp\/v2\/media\/287182"}],"wp:attachment":[{"href":"https:\/\/notinor.com\/jujuy\/wp-json\/wp\/v2\/media?parent=287181"}],"wp:term":[{"taxonomy":"category","embeddable":true,"href":"https:\/\/notinor.com\/jujuy\/wp-json\/wp\/v2\/categories?post=287181"},{"taxonomy":"post_tag","embeddable":true,"href":"https:\/\/notinor.com\/jujuy\/wp-json\/wp\/v2\/tags?post=287181"}],"curies":[{"name":"wp","href":"https:\/\/api.w.org\/{rel}","templated":true}]}}