{"id":287170,"date":"2021-02-09T19:22:02","date_gmt":"2021-02-09T22:22:02","guid":{"rendered":"https:\/\/notinor.com\/jujuy\/?p=287170"},"modified":"2021-02-09T19:30:49","modified_gmt":"2021-02-09T22:30:49","slug":"caso-ana-moran-imputaron-a-un-hombre-por-la-muerte-de-la-adolescente","status":"publish","type":"post","link":"https:\/\/notinor.com\/jujuy\/caso-ana-moran-imputaron-a-un-hombre-por-la-muerte-de-la-adolescente\/","title":{"rendered":"Caso Ana Mor\u00e1n: imputaron a un hombre por la muerte de la adolescente"},"content":{"rendered":"\n<p>En el marco de las investigaciones que buscan esclarecer el caso, imputaron a un hombre mayor de edad.<\/p>\n\n\n\n<figure class=\"wp-block-image size-large\"><img decoding=\"async\" loading=\"lazy\" width=\"725\" height=\"480\" src=\"https:\/\/notinor.com\/jujuy\/wp-content\/uploads\/2021\/02\/marcha-ana-moran-martin-cruz2-725x480.jpeg\" alt=\"\" class=\"wp-image-286401\" srcset=\"https:\/\/notinor.com\/jujuy\/wp-content\/uploads\/2021\/02\/marcha-ana-moran-martin-cruz2-725x480.jpeg 725w, https:\/\/notinor.com\/jujuy\/wp-content\/uploads\/2021\/02\/marcha-ana-moran-martin-cruz2-551x365.jpeg 551w, https:\/\/notinor.com\/jujuy\/wp-content\/uploads\/2021\/02\/marcha-ana-moran-martin-cruz2-768x509.jpeg 768w, https:\/\/notinor.com\/jujuy\/wp-content\/uploads\/2021\/02\/marcha-ana-moran-martin-cruz2-750x497.jpeg 750w, https:\/\/notinor.com\/jujuy\/wp-content\/uploads\/2021\/02\/marcha-ana-moran-martin-cruz2-1140x755.jpeg 1140w, https:\/\/notinor.com\/jujuy\/wp-content\/uploads\/2021\/02\/marcha-ana-moran-martin-cruz2.jpeg 1280w\" sizes=\"(max-width: 725px) 100vw, 725px\" \/><\/figure>\n\n\n\n<p>La investigaci\u00f3n para esclarecer la muerte de la adolescente <strong>Ana Mor\u00e1n<\/strong> contin\u00faa su desarrollo. Hoy, en horas de la tarde ordenaron la imputaci\u00f3n de <strong>Pablo Vargas<\/strong>, relacionado con el siniestro vial que habr\u00eda derivado en el fatal desenlace de la joven oriunda de la ciudad de El Carmen.<\/p>\n\n\n\n<p>El sujeto imputado se trata de un hombre de 26 a\u00f1os, con residencia en el barrio San Cayetano en la <em>ciudad de los diques<\/em>. Se trata del conductor del auto, quien arroj\u00f3 1,62 de alcohol en sangre y que protagoniz\u00f3 el fat\u00eddico accidente.<\/p>\n\n\n\n<p>Recientemente el caso de Ana Mor\u00e1n volvi\u00f3 a estar en el ojo p\u00fablico luego de que su familia se manifest\u00f3 exigiendo una investigaci\u00f3n m\u00e1s clara respecto a la muerte de la adolescente. En primera instancia, los investigadores determinaron su deceso a ra\u00edz de un accidente vial ocurrido en marzo del a\u00f1o pasado, sin embargo esta versi\u00f3n no concuerda con lo que creen sus familiares, quienes expresan que Ana podr\u00eda haber sido v\u00edctima de femicidio.<\/p>\n\n\n\n<p><strong><em>Relacionado: <a href=\"https:\/\/notinor.com\/jujuy\/video-marcharon-pidiendo-esclarecimiento-de-las-muertes-de-ana-moran-y-martin-cruz\/\">VIDEO | Marcharon pidiendo esclarecimiento de las muertes de Ana Mor\u00e1n y Mart\u00edn Cruz<\/a><\/em><\/strong><\/p>\n\n\n\n<p><strong><em>Te puede interesar: <a href=\"https:\/\/notinor.com\/jujuy\/caso-iara-rueda-cachizumba-y-abad-fueron-chivos-expiatorios\/\">Caso Iara Rueda | \u00abCachizumba y Abad fueron chivos expiatorios\u00bb<\/a><\/em><\/strong><\/p>\n\n\n\n<p><em>Fuente: El Tribuno de Jujuy<\/em><\/p>\n\n\n\n<p class=\"has-text-align-center\"><strong>SOBRE EL CASO<\/strong><\/p>\n\n\n\n<p>El pasado 2 de marzo del 2020 ocurri\u00f3 un terrible siniestro vial en la ciudad de El Carmen, un autom\u00f3vil Ford Fiesta perdi\u00f3 el control, volc\u00f3 e impact\u00f3 violentamente contra un \u00e1rbol al costado de la Avenida 9 de Julio. A ra\u00edz del terrible accidente falleci\u00f3\u00a0<strong>Ana Martina Mor\u00e1n<\/strong>\u00a0de 17 a\u00f1os, que viajaba en el interior del veh\u00edculo acompa\u00f1ada por otras cinco personas -entra las que se encontraba la hermana de 29 a\u00f1os del ahora imputado-. El conductor, Pablo Vargas, arroj\u00f3 1,62 en el test de alcoholemia.<\/p>\n\n\n\n<p>El contexto de la muerte de la adolescente nunca fue del todo claro a lo largo de la investigaci\u00f3n, que se estableci\u00f3 como \u00abhomicidio en accidente de tr\u00e1nsito\u00bb.<strong>&nbsp;La familia de Ana Mor\u00e1n tiene serias dudas respecto a la causa de fallecimiento y creen que la joven podr\u00eda haber sido v\u00edctima de femicidio<\/strong>.<\/p>\n\n\n\n<p>Para esclarecer la causa pedir\u00e1n autorizaci\u00f3n para realizar la autopsia del cuerpo, que nunca se concret\u00f3 a ra\u00edz de un papel que firm\u00f3 su madre en el que afirmaba no querer realizarla. Sin embargo, la mujer afirma que la Polic\u00eda le hizo firmar el documento para entregarle el cuerpo de su hija sin informarle que con ello renunciaba tambi\u00e9n a la autopsia.<\/p>\n\n\n\n<p>Esta es una de las razones por las que la familia mantiene sus dudas en cuanto a la muerte de la adolescente. Desde el entorno familiar aseguran que existen m\u00e1s irregularidades y que&nbsp;<strong>la joven habr\u00eda sufrido abuso sexual una semana antes.<\/strong>&nbsp;Mor\u00e1n, antes de sufrir el accidente, le habr\u00eda comunicado esto a su madre que intent\u00f3 animarla para realizar juntas la denuncia correspondiente, sin embargo la joven muri\u00f3 antes de poder dejar por sentado lo sucedido.<\/p>\n\n\n\n<p>Desde la familia de Ana creen que hay diversas personas involucradas, entre las que se encontrar\u00edan funcionarios municipales y agentes policiales. Por ello no le habr\u00edan informado a la madre respecto al documento que firm\u00f3 para no que no se realice la autopsia al cuerpo de su hija.<\/p>\n\n\n\n<p>Asimismo, el celular de la adolescente jam\u00e1s fue hallado y los testimonios de los dem\u00e1s ocupantes del veh\u00edculo son poco claros ya que afirmaron \u00abno recordar nada\u00bb de aquella noche.<\/p>\n","protected":false},"excerpt":{"rendered":"<p>En el marco de las investigaciones que buscan esclarecer el caso, imputaron a un hombre mayor de edad. La investigaci\u00f3n para esclarecer la muerte de la adolescente Ana Mor\u00e1n contin\u00faa su desarrollo. Hoy, en horas de la tarde ordenaron la imputaci\u00f3n de Pablo Vargas, relacionado con el siniestro vial que habr\u00eda derivado en el fatal [&hellip;]<\/p>\n","protected":false},"author":1,"featured_media":286401,"comment_status":"open","ping_status":"open","sticky":false,"template":"","format":"standard","meta":{"_stopmodifiedupdate":false,"_modified_date":"","inline_featured_image":false,"spay_email":"","jetpack_publicize_message":""},"categories":[2,4,3],"tags":[],"jetpack_featured_media_url":"https:\/\/notinor.com\/jujuy\/wp-content\/uploads\/2021\/02\/marcha-ana-moran-martin-cruz2.jpeg","jetpack_publicize_connections":[],"_links":{"self":[{"href":"https:\/\/notinor.com\/jujuy\/wp-json\/wp\/v2\/posts\/287170"}],"collection":[{"href":"https:\/\/notinor.com\/jujuy\/wp-json\/wp\/v2\/posts"}],"about":[{"href":"https:\/\/notinor.com\/jujuy\/wp-json\/wp\/v2\/types\/post"}],"author":[{"embeddable":true,"href":"https:\/\/notinor.com\/jujuy\/wp-json\/wp\/v2\/users\/1"}],"replies":[{"embeddable":true,"href":"https:\/\/notinor.com\/jujuy\/wp-json\/wp\/v2\/comments?post=287170"}],"version-history":[{"count":10,"href":"https:\/\/notinor.com\/jujuy\/wp-json\/wp\/v2\/posts\/287170\/revisions"}],"predecessor-version":[{"id":287180,"href":"https:\/\/notinor.com\/jujuy\/wp-json\/wp\/v2\/posts\/287170\/revisions\/287180"}],"wp:featuredmedia":[{"embeddable":true,"href":"https:\/\/notinor.com\/jujuy\/wp-json\/wp\/v2\/media\/286401"}],"wp:attachment":[{"href":"https:\/\/notinor.com\/jujuy\/wp-json\/wp\/v2\/media?parent=287170"}],"wp:term":[{"taxonomy":"category","embeddable":true,"href":"https:\/\/notinor.com\/jujuy\/wp-json\/wp\/v2\/categories?post=287170"},{"taxonomy":"post_tag","embeddable":true,"href":"https:\/\/notinor.com\/jujuy\/wp-json\/wp\/v2\/tags?post=287170"}],"curies":[{"name":"wp","href":"https:\/\/api.w.org\/{rel}","templated":true}]}}