{"id":287128,"date":"2021-02-09T15:37:04","date_gmt":"2021-02-09T18:37:04","guid":{"rendered":"https:\/\/notinor.com\/jujuy\/?p=287128"},"modified":"2021-02-09T15:37:09","modified_gmt":"2021-02-09T18:37:09","slug":"carnaval-2021-este-jueves-restringiran-la-circulacion-entre-localidades","status":"publish","type":"post","link":"https:\/\/notinor.com\/jujuy\/carnaval-2021-este-jueves-restringiran-la-circulacion-entre-localidades\/","title":{"rendered":"Carnaval 2021: este jueves restringir\u00e1n la circulaci\u00f3n entre localidades"},"content":{"rendered":"\n<p>As\u00ed lo afirmaron el ministro de Seguridad y el secretario de Turismo. Las medidas se aplicar\u00e1n hasta el martes 16 y las multas para infractores pueden ascender hasta el mill\u00f3n de pesos.<\/p>\n\n\n\n<figure class=\"wp-block-image size-large\"><img decoding=\"async\" loading=\"lazy\" width=\"840\" height=\"382\" src=\"https:\/\/notinor.com\/jujuy\/wp-content\/uploads\/2021\/02\/carnaval-jujuy-840x382.jpg\" alt=\"\" class=\"wp-image-287129\" srcset=\"https:\/\/notinor.com\/jujuy\/wp-content\/uploads\/2021\/02\/carnaval-jujuy-840x382.jpg 840w, https:\/\/notinor.com\/jujuy\/wp-content\/uploads\/2021\/02\/carnaval-jujuy-660x300.jpg 660w, https:\/\/notinor.com\/jujuy\/wp-content\/uploads\/2021\/02\/carnaval-jujuy-768x349.jpg 768w, https:\/\/notinor.com\/jujuy\/wp-content\/uploads\/2021\/02\/carnaval-jujuy-750x341.jpg 750w, https:\/\/notinor.com\/jujuy\/wp-content\/uploads\/2021\/02\/carnaval-jujuy.jpg 970w\" sizes=\"(max-width: 840px) 100vw, 840px\" \/><\/figure>\n\n\n\n<p>En horas de la ma\u00f1ana, el ministro de Seguridad, <strong>Guillermo Corro,<\/strong> junto al secretario de Turusmo, <strong>Diego Valdecantos,<\/strong> brindaron una conferencia de prensa para detallar las disposiciones vigentes para las festividades del Carnaval 2021. Bajo ese marco, los funcionarios explicaron las modificaciones del Decreto Acuerdo N\u00b0 2.075 que regir\u00e1n desde el jueves 11 hasta el martes 16 de febrero en todo el territorio provincial.<\/p>\n\n\n\n<p class=\"has-text-align-center\"><strong>Restricci\u00f3n de\u00a0Circular<\/strong><\/p>\n\n\n\n<p>En tal sentido, el ministro Corro mencion\u00f3 que \u201cno se puede circular entre localidades a excepci\u00f3n de aquellas\u00a0personas\u00a0o grupo familiar que cuente con una propiedad en aquella zona diferente a la de su residencia habitual\u201d.<\/p>\n\n\n\n<p>Asimismo, aclar\u00f3 que tambi\u00e9n podr\u00e1n circular todas aquellas personas que cuenten con reserva o voucher de hotel o alquiler temporario. Se especific\u00f3 que no es v\u00e1lido el voucher o reserva gastron\u00f3mica.<\/p>\n\n\n\n<p class=\"has-text-align-center\"><strong>Eventos\u00a0autorizados<\/strong><\/p>\n\n\n\n<p>Continuando, Corro sostuvo que estar\u00e1n limitados a almuerzos o cenas shows, \u201cque <strong>en\u00a0ning\u00fan casos ser\u00e1n bailables<\/strong>, debiendo respetar en todos los casos el principio del DISPO (Distanciamiento Social, Preventivo y Obligatorio)\u201d.<\/p>\n\n\n\n<p>Para obtener las respectivas autorizaciones, deber\u00e1n cumplir los siguientes requisitos: la autorizaci\u00f3n del\u00a0COE\u00a0local o municipal, la aprobaci\u00f3n del protocolo sanitario conforme pautas del COE\u00a0Provincial, contar con un listado de las personas (nombre, apellido y tel\u00e9fono) que ingresen al local y contar con certificado de REBA eventual.<\/p>\n\n\n\n<p class=\"has-text-align-center\"><strong>Capacidad admisible<\/strong><\/p>\n\n\n\n<p>En tal sentido, el ministro puntualiz\u00f3 que&nbsp;<strong>\u201ctodos aquellos locales que realicen eventos o cenas shows no podr\u00e1n superar el 50% de la capacidad de habilitaci\u00f3n del inmueble o predio, aclarando que en ning\u00fan caso podr\u00e1n superar las 300 personas\u201d.<\/strong><\/p>\n\n\n\n<p>El titular de seguridad, ejemplific\u00f3 con dos situaciones. Si el local tiene habilitaci\u00f3n para 200 personas, podr\u00e1n concurrir hasta 100 personas. Otra situaci\u00f3n es si un local tiene habilitaci\u00f3n para 1000 personas, podr\u00e1n concurrir solamente hasta 300 personas.<\/p>\n\n\n\n<p class=\"has-text-align-center\"><strong>Restricciones<\/strong><\/p>\n\n\n\n<p>A su vez, se aclar\u00f3 para los organizadores, propietarios o responsables de los locales o predios que deber\u00e1n tener en cuenta las siguientes restricciones.: no podr\u00e1n superar m\u00e1s de un evento en un mismo d\u00eda ni podr\u00e1n superar dos eventos semanales.<\/p>\n\n\n\n<p class=\"has-text-align-center\"><strong>Eventos de carnaval<\/strong><\/p>\n\n\n\n<p>Sobre las chayas, entierros o desentierros el ministro se\u00f1al\u00f3 que no podr\u00e1n superar las\u00a0<strong>20 personas como m\u00e1ximo<\/strong>\u00a0y deber\u00e1n contar con autorizaci\u00f3n del COE local o municipal gestionada a trav\u00e9s de la Secretar\u00eda de\u00a0Cultura\u00a0de la\u00a0Provincia.<\/p>\n\n\n\n<p class=\"has-text-align-center\"><strong>Reuniones familiares<\/strong><\/p>\n\n\n\n<p>En cuanto a los encuentros en domicilios particulares, Corro reiter\u00f3 que no podr\u00e1n superar las\u00a0<strong>20 personas<\/strong>, conforme a lo ya establecido en el\u00a0Decreto\u00a0Acuerdo 2.075.<\/p>\n\n\n\n<figure class=\"wp-block-image size-large\"><img decoding=\"async\" src=\"https:\/\/media.prensa.jujuy.gob.ar\/p\/b9408f0ff8bb3a8d0918b832ace6c923\/adjuntos\/301\/imagenes\/000\/224\/0000224750\/seguridad.jpeg\" alt=\"\"\/><\/figure>\n\n\n\n<p class=\"has-text-align-center\"><strong>Multas<\/strong><\/p>\n\n\n\n<p>El Ministro expres\u00f3 que el decreto eleva las\u00a0<strong>multas hasta un mill\u00f3n de pesos ($1.000.000)<\/strong>, en los supuestos de cantidad de asistentes; tiempo excesivo de realizaci\u00f3n; participaci\u00f3n de personas incluidas en grupos de riesgo; por la reincidencia en la falta y por la desobediencia ante la orden de cese emanada por cualquier autoridad competente.<\/p>\n\n\n\n<p class=\"has-text-align-center\"><strong>Recomendaciones<\/strong><\/p>\n\n\n\n<p>Corro sostuvo que m\u00e1s all\u00e1 de las disposiciones y normas mencionadas se apela a la responsabilidad social e individual y seguir las recomendaciones de las autoridades sanitarias para poder continuar con la nueva normalidad en el marco de la pandemia.<\/p>\n\n\n\n<p>\u201cSeguro habr\u00e1 dudas y por lo tanto ser\u00e1n instruidos los COE locales y el departamento judicial como cada una de las comisarias para otorgar las habilitaciones de los eventos y que se logre un orden en estas fiestas carnavalescas\u201d, finaliz\u00f3 el ministro.<\/p>\n\n\n\n<p class=\"has-text-align-center\"><strong>Disposiciones para el sector tur\u00edstico<\/strong><\/p>\n\n\n\n<p>Por su parte, el Secretario de Turismo, ampli\u00f3 diciendo que \u201c<strong>para transitar sin inconvenientes se tiene que tener un voucher emitido por un alojamiento tur\u00edstico de cualquier parte de la Provincia<\/strong>, el que deber\u00e1 ser presentado a la autoridad policial que lo requiera, quien constatar\u00e1 con los listados emitidos por los hoteles\u201d.<\/p>\n\n\n\n<p>Aclar\u00f3 que el turista que tenga un voucher de alojamiento en la Capital podr\u00e1 transitar libremente por todo el territorio juje\u00f1o.<\/p>\n\n\n\n<p>Continu\u00f3 detallando que los juje\u00f1os que alquilen una vivienda para las fiestas carnestolendas en cualquier punto de la Provincia, tendr\u00e1n que presentar el&nbsp;<strong>contrato de alquiler sellado por rentas<\/strong>.<\/p>\n\n\n\n<p>En cuanto a los propietarios que tengan viviendas en otros lugares que no sea el habitual o en otro municipio, deber\u00e1n presentar una c\u00e9dula parcelaria, boleto de compra venta, boleta de servicio, certificado de residencia o cualquier documento oficial que demuestre que es el due\u00f1o y puntualiz\u00f3 que \u201cjunto con \u00e9l podr\u00e1 ingresar el grupo familiar sin inconvenientes\u201d.<\/p>\n\n\n\n<p>En relaci\u00f3n a los trabajadores que deben trasladarse para cumplir sus funciones en distintos puntos de la Provincia, solicit\u00f3 que&nbsp;<strong>\u201clos propietarios de las empresas emitan un certificado de trabajo para que sus trabajadores circulen sin inconvenientes\u201d<\/strong>.<\/p>\n\n\n\n<p>Por otra parte, aclar\u00f3 que \u201c<strong>para el desentierro, el entierro y la chaya de mojones el m\u00e1ximo es de 20 personas de la comparsa\u201d&nbsp;<\/strong>y acot\u00f3 que \u201clas comparsas ya estuvieron realizando el tr\u00e1mite de autorizaci\u00f3n en la Secretar\u00eda de Cultura, lo cual tambi\u00e9n se realiza con los COE locales. Seguir\u00e1n con ese tr\u00e1mite las comparsa que no lo hicieron en la Secretar\u00eda de Cultura, junto con los COE locales\u201d.<\/p>\n\n\n\n<p>Finalmente expres\u00f3 que&nbsp;\u201csabemos lo importante que es el Carnaval para todos los juje\u00f1os, esperamos que sea una fiesta\u201d&nbsp;y para ello inst\u00f3 a la poblaci\u00f3n a que \u201crespetemos los protocolos, el distanciamiento, el lavado de manos, no compartamos vasos ni botellas pero sobre todo, nos cuidemos en carnaval\u201d, concluy\u00f3.<\/p>\n","protected":false},"excerpt":{"rendered":"<p>As\u00ed lo afirmaron el ministro de Seguridad y el secretario de Turismo. Las medidas se aplicar\u00e1n hasta el martes 16 y las multas para infractores pueden ascender hasta el mill\u00f3n de pesos. En horas de la ma\u00f1ana, el ministro de Seguridad, Guillermo Corro, junto al secretario de Turusmo, Diego Valdecantos, brindaron una conferencia de prensa [&hellip;]<\/p>\n","protected":false},"author":1,"featured_media":287129,"comment_status":"open","ping_status":"open","sticky":false,"template":"","format":"standard","meta":{"_stopmodifiedupdate":false,"_modified_date":"","inline_featured_image":false,"spay_email":"","jetpack_publicize_message":""},"categories":[2],"tags":[],"jetpack_featured_media_url":"https:\/\/notinor.com\/jujuy\/wp-content\/uploads\/2021\/02\/carnaval-jujuy.jpg","jetpack_publicize_connections":[],"_links":{"self":[{"href":"https:\/\/notinor.com\/jujuy\/wp-json\/wp\/v2\/posts\/287128"}],"collection":[{"href":"https:\/\/notinor.com\/jujuy\/wp-json\/wp\/v2\/posts"}],"about":[{"href":"https:\/\/notinor.com\/jujuy\/wp-json\/wp\/v2\/types\/post"}],"author":[{"embeddable":true,"href":"https:\/\/notinor.com\/jujuy\/wp-json\/wp\/v2\/users\/1"}],"replies":[{"embeddable":true,"href":"https:\/\/notinor.com\/jujuy\/wp-json\/wp\/v2\/comments?post=287128"}],"version-history":[{"count":1,"href":"https:\/\/notinor.com\/jujuy\/wp-json\/wp\/v2\/posts\/287128\/revisions"}],"predecessor-version":[{"id":287131,"href":"https:\/\/notinor.com\/jujuy\/wp-json\/wp\/v2\/posts\/287128\/revisions\/287131"}],"wp:featuredmedia":[{"embeddable":true,"href":"https:\/\/notinor.com\/jujuy\/wp-json\/wp\/v2\/media\/287129"}],"wp:attachment":[{"href":"https:\/\/notinor.com\/jujuy\/wp-json\/wp\/v2\/media?parent=287128"}],"wp:term":[{"taxonomy":"category","embeddable":true,"href":"https:\/\/notinor.com\/jujuy\/wp-json\/wp\/v2\/categories?post=287128"},{"taxonomy":"post_tag","embeddable":true,"href":"https:\/\/notinor.com\/jujuy\/wp-json\/wp\/v2\/tags?post=287128"}],"curies":[{"name":"wp","href":"https:\/\/api.w.org\/{rel}","templated":true}]}}