{"id":287116,"date":"2021-02-09T15:11:03","date_gmt":"2021-02-09T18:11:03","guid":{"rendered":"https:\/\/notinor.com\/jujuy\/?p=287116"},"modified":"2021-02-10T15:51:19","modified_gmt":"2021-02-10T18:51:19","slug":"caso-iara-rueda-cachizumba-y-abad-fueron-chivos-expiatorios","status":"publish","type":"post","link":"https:\/\/notinor.com\/jujuy\/caso-iara-rueda-cachizumba-y-abad-fueron-chivos-expiatorios\/","title":{"rendered":"Caso Iara Rueda: \"Cachizumba y Abad fueron chivos expiatorios\""},"content":{"rendered":"\n<p>Los abogados defensores de Arnaldo Cachizumba y Mauricio Abad solicitaron nuevamente el cese de detenci\u00f3n para los acusados. <\/p>\n\n\n\n<figure class=\"wp-block-image size-large\"><img decoding=\"async\" loading=\"lazy\" width=\"725\" height=\"480\" src=\"https:\/\/notinor.com\/jujuy\/wp-content\/uploads\/2021\/02\/marcha-monica-cunchilla-725x480.jpeg\" alt=\"\" class=\"wp-image-286406\" srcset=\"https:\/\/notinor.com\/jujuy\/wp-content\/uploads\/2021\/02\/marcha-monica-cunchilla-725x480.jpeg 725w, https:\/\/notinor.com\/jujuy\/wp-content\/uploads\/2021\/02\/marcha-monica-cunchilla-551x365.jpeg 551w, https:\/\/notinor.com\/jujuy\/wp-content\/uploads\/2021\/02\/marcha-monica-cunchilla-768x509.jpeg 768w, https:\/\/notinor.com\/jujuy\/wp-content\/uploads\/2021\/02\/marcha-monica-cunchilla-750x497.jpeg 750w, https:\/\/notinor.com\/jujuy\/wp-content\/uploads\/2021\/02\/marcha-monica-cunchilla-1140x755.jpeg 1140w, https:\/\/notinor.com\/jujuy\/wp-content\/uploads\/2021\/02\/marcha-monica-cunchilla.jpeg 1280w\" sizes=\"(max-width: 725px) 100vw, 725px\" \/><figcaption>M\u00f3nica Cunchilla, madre de Iara marchando en la ciudad de El Carmen.<\/figcaption><\/figure>\n\n\n\n<p><em><a href=\"https:\/\/www.instagram.com\/lucascaballero15\/\"><strong>Por Lucas Caballero<\/strong><\/a><\/em><\/p>\n\n\n\n<p>El femicidio de Iara Rueda (16) conmovi\u00f3 de una manera sin precedentes a la comunidad juje\u00f1a, la joven fue asesinada el pasado 24 de septiembre y su relato lleg\u00f3 a o\u00eddos de toda la poblaci\u00f3n de Jujuy. <\/p>\n\n\n\n<p>Desde ese momento se inici\u00f3 una investigaci\u00f3n para intentar dar con el o los responsables del femicidio. Los primeros involucrados fueron dos hombres mayores de edad, <strong>Arnaldo Cachizumba<\/strong> en primera instancia y <strong>Mauricio Abad<\/strong> unos d\u00edas despu\u00e9s. Ambos est\u00e1n imputados por el crimen y contin\u00faan detenidos hasta la fecha.<\/p>\n\n\n\n<p>Sin embargo, la investigaci\u00f3n dio un nuevo giro hace poco m\u00e1s de un mes cuando el fiscal que lleva adelante la causa, Diego Cussel, orden\u00f3 la detenci\u00f3n e imputaci\u00f3n de un menor de edad. El joven de 16 a\u00f1os tambi\u00e9n fue vinculado con el crimen de Iara ya que \u00e9l ten\u00eda en su poder el tel\u00e9fono celular de la adolescente. <\/p>\n\n\n\n<p><strong><em>Relacionado:<a href=\"https:\/\/notinor.com\/jujuy\/union-voley-homenajeo-y-entrego-una-mencion-de-honor-a-iara-rueda\/\"> Uni\u00f3n V\u00f3ley homenaje\u00f3 y entreg\u00f3 una menci\u00f3n honor\u00edfica a Iara Rueda<\/a><\/em><\/strong><\/p>\n\n\n\n<p>Esta situaci\u00f3n no es ajena para <strong>los abogados defensores de Cachizumba y Abad, Gustavo Reynoso y Antonio Vargas respectivamente, quienes solicitaron nuevamente el cese de detenci\u00f3n <\/strong>para sus defendidos con base en las pruebas vinculantes y el tiempo que llevan detenidos los hombres.<\/p>\n\n\n\n<p>Durante la ma\u00f1ana del martes los letrados brindaron una conferencia de prensa para informar sobre la situaci\u00f3n de sus clientes. <strong>\"Cachizumba y Abad fueron chivos expiatorios\", afirm\u00f3 Gustavo Reynoso quien luego agreg\u00f3 que esta postura la sostiene \"desde que comenz\u00f3 la investigaci\u00f3n\".<\/strong><\/p>\n\n\n\n<p><strong>\"La ciudad de Palpal\u00e1 estaba ardida y necesitaban agarrar a alguien\",<\/strong> expres\u00f3 el abogado quien posteriormente confirm\u00f3 que Cachizumba y Abad \"eran amigos del barrio, sin v\u00ednculo familiar\".<\/p>\n\n\n\n<p><strong>\"A Abad lo relacionan con Cachizumba en un <em>arrebato de la investigaci\u00f3n <\/em>ante la presi\u00f3n de conseguir un chivo expiatorio. Palpal\u00e1 estaba ardida y necesitaban darle una respuesta a la gente. Entonces, Abad y Cachizumba quedaron como anillo al dedo. Son chivos expiatorios\"<\/strong>, expres\u00f3.<\/p>\n\n\n\n<p><strong>Nuestro medio consult\u00f3 la semana pasada a M\u00f3nica Cunchilla<\/strong>, madre de Iara Rueda, respecto al avance de la causa teniendo en cuenta el fin de la feria judicial. En aquel momento, M\u00f3nica nos expres\u00f3 que no hab\u00eda novedades pero que aguardaban unas pericias que eran analizadas en Buenos Aires. <\/p>\n\n\n\n<p>Cabe recordar que antes de finalizar el a\u00f1o 2020, ambos abogados ya hab\u00edan solicitado el cese de detenci\u00f3n luego del relato de una testigo que compromet\u00eda al imputado menor de edad. Sin embargo este pedido fue negado por fiscal\u00eda ya que \"hab\u00eda pautas de investigaci\u00f3n pendientes\".<\/p>\n\n\n\n<p><strong><em>Relacionado:<a href=\"https:\/\/notinor.com\/jujuy\/caso-iara-rueda-una-testigo-modifico-su-relato-y-podrian-liberar-a-dos-imputados\/\"> Caso Iara Rueda | Una testigo modific\u00f3 su relato y podr\u00edan liberar a dos imputados<\/a><\/em><\/strong><\/p>\n\n\n\n<p>Finalmente el abogado Reynoso confirm\u00f3 que dichas pericias corresponden al an\u00e1lisis de ADN hallado en el autom\u00f3vil de Cachizumba, a\u00fan as\u00ed reclama que este estudio deber\u00eda estar listo hace meses ya que fue uno de los primeros elementos para relacionar a su defendido con el caso. <strong>\"El expediente est\u00e1 en una situaci\u00f3n alarmante para las defensas, estamos en una incertidumbre absoluta ya que nuestros detenidos deber\u00edan estar en libertad a esta altura\",<\/strong> afirm\u00f3 el letrado.<\/p>\n\n\n\n<p>Por su parte <strong>Antonio Vargas<\/strong>, defensor de Mauricio Abad, manifest\u00f3 que \"no hay pruebas para que sigan cargando con un delito tan grave\". \"Mi defendido no es el responsable, <strong>nosotros <em>-la defensa de los dos hombres mayores de edad-<\/em> apuntamos a la otra persona que est\u00e1 a disposici\u00f3n de la causa pero la investigaci\u00f3n qued\u00f3 paralizada desde diciembre\". <\/strong><\/p>\n\n\n\n<p>\"Nos dijeron que todav\u00eda resta verificar el entrecruzamiento de llamados telef\u00f3nicos y las pruebas de ADN que reci\u00e9n se complementar\u00e1n desde el 10 de febrero. M\u00e1s all\u00e1 de eso no hay pruebas para que siga detenido, adem\u00e1s el tiempo es excesivo para resolver esta situaci\u00f3n\", expres\u00f3 el letrado quien concluy\u00f3 recriminando que en todos estos d\u00edas \"no se avanz\u00f3 en absolutamente nada\" respecto a la investigaci\u00f3n.<\/p>\n\n\n\n<p><strong><em>Seguir leyendo: <a href=\"https:\/\/notinor.com\/jujuy\/caso-ana-moran-imputaron-a-un-hombre-por-la-muerte-de-la-adolescente\/\">Caso Ana Mor\u00e1n | Imputaron a un hombre por la muerte de la adolescente<\/a><\/em><\/strong><\/p>\n\n\n\n<p><strong><em>Puede interesarte: <a href=\"https:\/\/notinor.com\/jujuy\/preocupante-se-registraron-44-femicidios-en-lo-que-va-del-ano\/?fbclid=IwAR1oToyyZyIVqkLseuZmnR0Gh8hg1AtFqLqXDoFPm0bjv04XIhDYZZxXVZo\">Preocupante | Se registraron 44 femicidios en lo que va del a\u00f1o<\/a><\/em><\/strong><\/p>\n\n\n\n<p><em>Con datos recabados del portal Palpal\u00e1 Informa<\/em><\/p>\n","protected":false},"excerpt":{"rendered":"<p>Los abogados defensores de Arnaldo Cachizumba y Mauricio Abad solicitaron nuevamente el cese de detenci\u00f3n para los acusados. Por Lucas Caballero El femicidio de Iara Rueda (16) conmovi\u00f3 de una manera sin precedentes a la comunidad juje\u00f1a, la joven fue asesinada el pasado 24 de septiembre y su relato lleg\u00f3 a o\u00eddos de toda la [&hellip;]<\/p>\n","protected":false},"author":1,"featured_media":286406,"comment_status":"open","ping_status":"open","sticky":false,"template":"","format":"standard","meta":{"_stopmodifiedupdate":false,"_modified_date":"","inline_featured_image":false,"spay_email":"","jetpack_publicize_message":""},"categories":[2],"tags":[],"jetpack_featured_media_url":"https:\/\/notinor.com\/jujuy\/wp-content\/uploads\/2021\/02\/marcha-monica-cunchilla.jpeg","jetpack_publicize_connections":[],"_links":{"self":[{"href":"https:\/\/notinor.com\/jujuy\/wp-json\/wp\/v2\/posts\/287116"}],"collection":[{"href":"https:\/\/notinor.com\/jujuy\/wp-json\/wp\/v2\/posts"}],"about":[{"href":"https:\/\/notinor.com\/jujuy\/wp-json\/wp\/v2\/types\/post"}],"author":[{"embeddable":true,"href":"https:\/\/notinor.com\/jujuy\/wp-json\/wp\/v2\/users\/1"}],"replies":[{"embeddable":true,"href":"https:\/\/notinor.com\/jujuy\/wp-json\/wp\/v2\/comments?post=287116"}],"version-history":[{"count":4,"href":"https:\/\/notinor.com\/jujuy\/wp-json\/wp\/v2\/posts\/287116\/revisions"}],"predecessor-version":[{"id":287329,"href":"https:\/\/notinor.com\/jujuy\/wp-json\/wp\/v2\/posts\/287116\/revisions\/287329"}],"wp:featuredmedia":[{"embeddable":true,"href":"https:\/\/notinor.com\/jujuy\/wp-json\/wp\/v2\/media\/286406"}],"wp:attachment":[{"href":"https:\/\/notinor.com\/jujuy\/wp-json\/wp\/v2\/media?parent=287116"}],"wp:term":[{"taxonomy":"category","embeddable":true,"href":"https:\/\/notinor.com\/jujuy\/wp-json\/wp\/v2\/categories?post=287116"},{"taxonomy":"post_tag","embeddable":true,"href":"https:\/\/notinor.com\/jujuy\/wp-json\/wp\/v2\/tags?post=287116"}],"curies":[{"name":"wp","href":"https:\/\/api.w.org\/{rel}","templated":true}]}}