{"id":28614,"date":"2015-05-24T18:50:59","date_gmt":"2015-05-24T21:50:59","guid":{"rendered":"http:\/\/notinor.com\/jujuy\/?p=28614"},"modified":"2015-05-24T18:50:59","modified_gmt":"2015-05-24T21:50:59","slug":"otra-muerte-en-el-futbol-fallece-cristian-gomez-de-atletico-parana","status":"publish","type":"post","link":"https:\/\/notinor.com\/jujuy\/otra-muerte-en-el-futbol-fallece-cristian-gomez-de-atletico-parana\/","title":{"rendered":"Otra muerte en el f\u00fatbol fallece Cristian G\u00f3mez de Atl\u00e9tico Paran\u00e1"},"content":{"rendered":"<p>El defensor de Atl\u00e9tico Paran\u00e1\u00a0<strong>Cristian G\u00f3mez<\/strong>\u00a0que falleci\u00f3 luego de que se desplomara en\u00a0medio del partido en el que su equipo enfrentaba a Boca Unidos de Corrientes. Al parecer, la v\u00edctima sufri\u00f3 una descompensaci\u00f3n card\u00edaca.<\/p>\n<p>El futbolista de Atl\u00e9tico Paran\u00e1 falleci\u00f3 este domingo\u00a0en la provincia de Corrientes, a los 27 a\u00f1os.\u00a0Luego de sufrir una descompensaci\u00f3n en el partido que su equipo jugaba con Boca Unidos de esa provincia, por la 16ta. fecha de la Primera B Nacional.<\/p>\n<p>El futbolista oriundo de la ciudad santafesina de Rafaela present\u00f3 signos de muerte s\u00fabita en el campo de juego y fue derivado con urgencia al Hospital Escuela \"General San Mart\u00edn\", donde ingres\u00f3 sin vida, seg\u00fan informaron fuentes m\u00e9dicas.<\/p>\n<p>El partido fue suspendido por el \u00e1rbitro <strong>Facundo Tello <\/strong>a los 32 minutos del primer tiempo con el marcador 1-0 a favor del conjunto local.<\/p>\n<p>A pesar de que lo llevaron de urgencia al hospital Escuela, no pudieron salvarle la vida.\u00a0El jugador\u00a0fallecido ya hab\u00eda padecido anteriormente una arritmia. Tuvo un paro cardiaco cuando la ambulancia lo llevaba al hospital.<\/p>\n<p><em>\"El chico lleg\u00f3 muerto. No pudieron reanimarlo\"<\/em>, dijo el veedor de AFA.\u00a0Los jugadores de ambos planteles est\u00e1n desconsolados en el Hospital Escuela.<\/p>\n","protected":false},"excerpt":{"rendered":"<p>El defensor de Atl\u00e9tico Paran\u00e1\u00a0Cristian G\u00f3mez\u00a0que falleci\u00f3 luego de que se desplomara en\u00a0medio del partido en el que su equipo enfrentaba a Boca Unidos de Corrientes. Al parecer, la v\u00edctima sufri\u00f3 una descompensaci\u00f3n card\u00edaca. El futbolista de Atl\u00e9tico Paran\u00e1 falleci\u00f3 este domingo\u00a0en la provincia de Corrientes, a los 27 a\u00f1os.\u00a0Luego de sufrir una descompensaci\u00f3n en [&hellip;]<\/p>\n","protected":false},"author":1,"featured_media":28615,"comment_status":"open","ping_status":"open","sticky":false,"template":"","format":"standard","meta":{"_stopmodifiedupdate":false,"_modified_date":"","inline_featured_image":false},"categories":[7],"tags":[],"jetpack_featured_media_url":"https:\/\/notinor.com\/jujuy\/wp-content\/uploads\/2015\/05\/futbol4.jpg","_links":{"self":[{"href":"https:\/\/notinor.com\/jujuy\/wp-json\/wp\/v2\/posts\/28614"}],"collection":[{"href":"https:\/\/notinor.com\/jujuy\/wp-json\/wp\/v2\/posts"}],"about":[{"href":"https:\/\/notinor.com\/jujuy\/wp-json\/wp\/v2\/types\/post"}],"author":[{"embeddable":true,"href":"https:\/\/notinor.com\/jujuy\/wp-json\/wp\/v2\/users\/1"}],"replies":[{"embeddable":true,"href":"https:\/\/notinor.com\/jujuy\/wp-json\/wp\/v2\/comments?post=28614"}],"version-history":[{"count":1,"href":"https:\/\/notinor.com\/jujuy\/wp-json\/wp\/v2\/posts\/28614\/revisions"}],"predecessor-version":[{"id":28616,"href":"https:\/\/notinor.com\/jujuy\/wp-json\/wp\/v2\/posts\/28614\/revisions\/28616"}],"wp:featuredmedia":[{"embeddable":true,"href":"https:\/\/notinor.com\/jujuy\/wp-json\/wp\/v2\/media\/28615"}],"wp:attachment":[{"href":"https:\/\/notinor.com\/jujuy\/wp-json\/wp\/v2\/media?parent=28614"}],"wp:term":[{"taxonomy":"category","embeddable":true,"href":"https:\/\/notinor.com\/jujuy\/wp-json\/wp\/v2\/categories?post=28614"},{"taxonomy":"post_tag","embeddable":true,"href":"https:\/\/notinor.com\/jujuy\/wp-json\/wp\/v2\/tags?post=28614"}],"curies":[{"name":"wp","href":"https:\/\/api.w.org\/{rel}","templated":true}]}}