{"id":28612,"date":"2015-05-24T11:25:51","date_gmt":"2015-05-24T14:25:51","guid":{"rendered":"http:\/\/notinor.com\/jujuy\/?p=28612"},"modified":"2015-05-24T11:25:51","modified_gmt":"2015-05-24T14:25:51","slug":"alfaro-eduardo-maximo-q-e-p-d","status":"publish","type":"post","link":"https:\/\/notinor.com\/jujuy\/alfaro-eduardo-maximo-q-e-p-d\/","title":{"rendered":"ALFARO, Eduardo M\u00e1ximo (Q.E.P.D.)"},"content":{"rendered":"<p>Falleci\u00f3 el d\u00eda 23 de mayo de 201, a hs. 17:00. C.A.S.R. y B.P., a la edad de 77 a\u00f1os. Su esposa: Herminia Natividad Guaimas de Alfaro, sus hijos Miguel y Manuel Alfaro, su hija pol\u00edtica: Mabel Jaime, sus nietos: Rodrigo, Franco, Karen, Miguel y Mateo Alfaro, sus hermanos: Alcira, Carlos, Jos\u00e9 y Alicia Alfaro, sus hermanos pol\u00edticos, sus sobrinos y dem\u00e1s familiares participan con profundo dolor su fallecimiento e invitan a sus amistades y dem\u00e1s personas piadosas al sepelio de sus restos, hoy 24 de mayo a hs. 15:00 en el Cementerio Parque El Jard\u00edn del Castillo.- F.A.E.- Casa de duelo: Salas Arenales de Empresa La Piedad, sita en Arenales N\u00b0 1145. Ritual de homenaje: Empresa La Piedad - Salta 727 - Tel\u00e9fono -4222487- L\u00ednea gratuita 0800-444-5274.<\/p>\n","protected":false},"excerpt":{"rendered":"<p>Falleci\u00f3 el d\u00eda 23 de mayo de 201, a hs. 17:00. C.A.S.R. y B.P., a la edad de 77 a\u00f1os. Su esposa: Herminia Natividad Guaimas de Alfaro, sus hijos Miguel y Manuel Alfaro, su hija pol\u00edtica: Mabel Jaime, sus nietos: Rodrigo, Franco, Karen, Miguel y Mateo Alfaro, sus hermanos: Alcira, Carlos, Jos\u00e9 y Alicia Alfaro, [&hellip;]<\/p>\n","protected":false},"author":5,"featured_media":18110,"comment_status":"open","ping_status":"open","sticky":false,"template":"","format":"standard","meta":{"_stopmodifiedupdate":false,"_modified_date":"","inline_featured_image":false},"categories":[18],"tags":[],"jetpack_featured_media_url":"https:\/\/notinor.com\/jujuy\/wp-content\/uploads\/2015\/03\/Obituarios.jpg","_links":{"self":[{"href":"https:\/\/notinor.com\/jujuy\/wp-json\/wp\/v2\/posts\/28612"}],"collection":[{"href":"https:\/\/notinor.com\/jujuy\/wp-json\/wp\/v2\/posts"}],"about":[{"href":"https:\/\/notinor.com\/jujuy\/wp-json\/wp\/v2\/types\/post"}],"author":[{"embeddable":true,"href":"https:\/\/notinor.com\/jujuy\/wp-json\/wp\/v2\/users\/5"}],"replies":[{"embeddable":true,"href":"https:\/\/notinor.com\/jujuy\/wp-json\/wp\/v2\/comments?post=28612"}],"version-history":[{"count":1,"href":"https:\/\/notinor.com\/jujuy\/wp-json\/wp\/v2\/posts\/28612\/revisions"}],"predecessor-version":[{"id":28613,"href":"https:\/\/notinor.com\/jujuy\/wp-json\/wp\/v2\/posts\/28612\/revisions\/28613"}],"wp:featuredmedia":[{"embeddable":true,"href":"https:\/\/notinor.com\/jujuy\/wp-json\/wp\/v2\/media\/18110"}],"wp:attachment":[{"href":"https:\/\/notinor.com\/jujuy\/wp-json\/wp\/v2\/media?parent=28612"}],"wp:term":[{"taxonomy":"category","embeddable":true,"href":"https:\/\/notinor.com\/jujuy\/wp-json\/wp\/v2\/categories?post=28612"},{"taxonomy":"post_tag","embeddable":true,"href":"https:\/\/notinor.com\/jujuy\/wp-json\/wp\/v2\/tags?post=28612"}],"curies":[{"name":"wp","href":"https:\/\/api.w.org\/{rel}","templated":true}]}}