{"id":28610,"date":"2015-05-24T11:21:40","date_gmt":"2015-05-24T14:21:40","guid":{"rendered":"http:\/\/notinor.com\/jujuy\/?p=28610"},"modified":"2015-05-24T11:21:40","modified_gmt":"2015-05-24T14:21:40","slug":"fernandez-ramon-roque-q-e-p-d","status":"publish","type":"post","link":"https:\/\/notinor.com\/jujuy\/fernandez-ramon-roque-q-e-p-d\/","title":{"rendered":"FERNANDEZ, Ram\u00f3n Roque (Q.E.P.D.)"},"content":{"rendered":"<p>Falleci\u00f3 el d\u00eda 23 de mayo de 2015, a hs. 01:20. C.A.S.R. y B.P., a la edad de 60 a\u00f1os. Su madre: Anastasia Yolanda Ramos, sus hermanos: Antonio, Ester, Blanca, Rosa, Elisa, Juan y Gladys Fern\u00e1ndez, sus hermanos pol\u00edticos: Ester, Oscar y Luis, sus sobrinos: Cintia, Sebasti\u00e1n, Roxana, Isaac, Aldo, Julio, F\u00e1tima, Carina, Soledad, Micaela, Gast\u00f3n, Nicol\u00e1s, Luis, Nadia, Morena e Ivana y dem\u00e1s familiares participan con profundo dolor su fallecimiento e invitan a sus amistades y dem\u00e1s personas piadosas al sepelio de sus restos, hoy 24 de mayo, a hs. 11:30, en el Cementerio Nuestra Se\u00f1ora del Rosario. F.A.E. Casa de duelo: sala Jos\u00e9 de La Iglesia, sita en Jos\u00e9 de la Iglesia N\u00b0 1263. Ritual de homenaje: Empresa La Piedad - Salta 727 - Tel\u00e9fono -4222487- L\u00ednea gratuita 0800- 444-5274.<\/p>\n","protected":false},"excerpt":{"rendered":"<p>Falleci\u00f3 el d\u00eda 23 de mayo de 2015, a hs. 01:20. C.A.S.R. y B.P., a la edad de 60 a\u00f1os. Su madre: Anastasia Yolanda Ramos, sus hermanos: Antonio, Ester, Blanca, Rosa, Elisa, Juan y Gladys Fern\u00e1ndez, sus hermanos pol\u00edticos: Ester, Oscar y Luis, sus sobrinos: Cintia, Sebasti\u00e1n, Roxana, Isaac, Aldo, Julio, F\u00e1tima, Carina, Soledad, Micaela, [&hellip;]<\/p>\n","protected":false},"author":5,"featured_media":18110,"comment_status":"open","ping_status":"open","sticky":false,"template":"","format":"standard","meta":{"_stopmodifiedupdate":false,"_modified_date":"","inline_featured_image":false},"categories":[18],"tags":[],"jetpack_featured_media_url":"https:\/\/notinor.com\/jujuy\/wp-content\/uploads\/2015\/03\/Obituarios.jpg","_links":{"self":[{"href":"https:\/\/notinor.com\/jujuy\/wp-json\/wp\/v2\/posts\/28610"}],"collection":[{"href":"https:\/\/notinor.com\/jujuy\/wp-json\/wp\/v2\/posts"}],"about":[{"href":"https:\/\/notinor.com\/jujuy\/wp-json\/wp\/v2\/types\/post"}],"author":[{"embeddable":true,"href":"https:\/\/notinor.com\/jujuy\/wp-json\/wp\/v2\/users\/5"}],"replies":[{"embeddable":true,"href":"https:\/\/notinor.com\/jujuy\/wp-json\/wp\/v2\/comments?post=28610"}],"version-history":[{"count":1,"href":"https:\/\/notinor.com\/jujuy\/wp-json\/wp\/v2\/posts\/28610\/revisions"}],"predecessor-version":[{"id":28611,"href":"https:\/\/notinor.com\/jujuy\/wp-json\/wp\/v2\/posts\/28610\/revisions\/28611"}],"wp:featuredmedia":[{"embeddable":true,"href":"https:\/\/notinor.com\/jujuy\/wp-json\/wp\/v2\/media\/18110"}],"wp:attachment":[{"href":"https:\/\/notinor.com\/jujuy\/wp-json\/wp\/v2\/media?parent=28610"}],"wp:term":[{"taxonomy":"category","embeddable":true,"href":"https:\/\/notinor.com\/jujuy\/wp-json\/wp\/v2\/categories?post=28610"},{"taxonomy":"post_tag","embeddable":true,"href":"https:\/\/notinor.com\/jujuy\/wp-json\/wp\/v2\/tags?post=28610"}],"curies":[{"name":"wp","href":"https:\/\/api.w.org\/{rel}","templated":true}]}}