{"id":285987,"date":"2021-01-29T19:13:40","date_gmt":"2021-01-29T22:13:40","guid":{"rendered":"https:\/\/notinor.com\/jujuy\/?p=285987"},"modified":"2021-01-29T19:13:46","modified_gmt":"2021-01-29T22:13:46","slug":"ataco-a-una-joven-con-un-cuchillo-para-robarle-el-celular","status":"publish","type":"post","link":"https:\/\/notinor.com\/jujuy\/ataco-a-una-joven-con-un-cuchillo-para-robarle-el-celular\/","title":{"rendered":"Atac\u00f3 a una joven con un cuchillo para robarle el celular"},"content":{"rendered":"\n<p>El robo se produjo esta tarde en Bajo La Vi\u00f1a. El ladr\u00f3n fue capturado por los vecinos del lugar.<\/p>\n\n\n\n<figure class=\"wp-block-image size-large\"><img decoding=\"async\" loading=\"lazy\" width=\"779\" height=\"480\" src=\"https:\/\/notinor.com\/jujuy\/wp-content\/uploads\/2021\/01\/choro-779x480.jpg\" alt=\"\" class=\"wp-image-285988\" srcset=\"https:\/\/notinor.com\/jujuy\/wp-content\/uploads\/2021\/01\/choro-779x480.jpg 779w, https:\/\/notinor.com\/jujuy\/wp-content\/uploads\/2021\/01\/choro-592x365.jpg 592w, https:\/\/notinor.com\/jujuy\/wp-content\/uploads\/2021\/01\/choro-768x473.jpg 768w, https:\/\/notinor.com\/jujuy\/wp-content\/uploads\/2021\/01\/choro-750x462.jpg 750w, https:\/\/notinor.com\/jujuy\/wp-content\/uploads\/2021\/01\/choro.jpg 990w\" sizes=\"(max-width: 779px) 100vw, 779px\" \/><\/figure>\n\n\n\n<p>Un nuevo hecho de inseguridad se produjo esta tarde en el barrio Bajo La Vi\u00f1a de San Salvador de Jujuy. Un hombre, mayor de edad, atac\u00f3 a una joven con un cuchillo para robarle el celular.<\/p>\n\n\n\n<p>El violento robo se produjo en horas de la tarde, cuando una mujer que circulaba por el barrio capitalino de Bajo La Vi\u00f1a fue abordada por un delincuente que la atac\u00f3 con un cuchillo para robarle el celular. Una vez perpetrado el il\u00edcito, el hombre se dio a la fuga.<\/p>\n\n\n\n<p>Ante esta situaci\u00f3n, un grupo de vecinos que presenci\u00f3 el robo se lanz\u00f3 a la b\u00fasqueda del malviviente para impedir su huida. Finalmente lograron capturarlo y reducirlo hasta la llegada de los efectivos de la Polic\u00eda de la Provincia, quienes lo trasladaron a la dependencia con jurisdicci\u00f3n en la zona.<\/p>\n\n\n\n<p>En el procedimiento se logr\u00f3 recuperar el celular de la joven y tambi\u00e9n un cuchillo tipo \u00absierrita\u00bb con el que el ladr\u00f3n hab\u00eda amenazado a su v\u00edctima.<\/p>\n","protected":false},"excerpt":{"rendered":"<p>El robo se produjo esta tarde en Bajo La Vi\u00f1a. El ladr\u00f3n fue capturado por los vecinos del lugar. Un nuevo hecho de inseguridad se produjo esta tarde en el barrio Bajo La Vi\u00f1a de San Salvador de Jujuy. Un hombre, mayor de edad, atac\u00f3 a una joven con un cuchillo para robarle el celular. [&hellip;]<\/p>\n","protected":false},"author":1,"featured_media":285988,"comment_status":"open","ping_status":"open","sticky":false,"template":"","format":"standard","meta":{"_stopmodifiedupdate":false,"_modified_date":"","inline_featured_image":false,"spay_email":"","jetpack_publicize_message":""},"categories":[2,514,3],"tags":[],"jetpack_featured_media_url":"https:\/\/notinor.com\/jujuy\/wp-content\/uploads\/2021\/01\/choro.jpg","jetpack_publicize_connections":[],"_links":{"self":[{"href":"https:\/\/notinor.com\/jujuy\/wp-json\/wp\/v2\/posts\/285987"}],"collection":[{"href":"https:\/\/notinor.com\/jujuy\/wp-json\/wp\/v2\/posts"}],"about":[{"href":"https:\/\/notinor.com\/jujuy\/wp-json\/wp\/v2\/types\/post"}],"author":[{"embeddable":true,"href":"https:\/\/notinor.com\/jujuy\/wp-json\/wp\/v2\/users\/1"}],"replies":[{"embeddable":true,"href":"https:\/\/notinor.com\/jujuy\/wp-json\/wp\/v2\/comments?post=285987"}],"version-history":[{"count":1,"href":"https:\/\/notinor.com\/jujuy\/wp-json\/wp\/v2\/posts\/285987\/revisions"}],"predecessor-version":[{"id":285989,"href":"https:\/\/notinor.com\/jujuy\/wp-json\/wp\/v2\/posts\/285987\/revisions\/285989"}],"wp:featuredmedia":[{"embeddable":true,"href":"https:\/\/notinor.com\/jujuy\/wp-json\/wp\/v2\/media\/285988"}],"wp:attachment":[{"href":"https:\/\/notinor.com\/jujuy\/wp-json\/wp\/v2\/media?parent=285987"}],"wp:term":[{"taxonomy":"category","embeddable":true,"href":"https:\/\/notinor.com\/jujuy\/wp-json\/wp\/v2\/categories?post=285987"},{"taxonomy":"post_tag","embeddable":true,"href":"https:\/\/notinor.com\/jujuy\/wp-json\/wp\/v2\/tags?post=285987"}],"curies":[{"name":"wp","href":"https:\/\/api.w.org\/{rel}","templated":true}]}}