{"id":285982,"date":"2021-01-29T18:10:55","date_gmt":"2021-01-29T21:10:55","guid":{"rendered":"https:\/\/notinor.com\/jujuy\/?p=285982"},"modified":"2021-01-29T18:11:00","modified_gmt":"2021-01-29T21:11:00","slug":"el-gobierno-reglamento-el-impuesto-a-la-riqueza-los-puntos-principales","status":"publish","type":"post","link":"https:\/\/notinor.com\/jujuy\/el-gobierno-reglamento-el-impuesto-a-la-riqueza-los-puntos-principales\/","title":{"rendered":"El Gobierno reglament\u00f3 el \"impuesto a la riqueza\": los puntos principales"},"content":{"rendered":"\n<p>Establece un aporte por \u00fanica vez de una tasa del 2% a los patrimonios de quienes declararon en Bienes Personales m\u00e1s de $200 millones, aunque la tasa va subiendo seg\u00fan cada caso.<\/p>\n\n\n\n<figure class=\"wp-block-image size-large\"><img decoding=\"async\" loading=\"lazy\" width=\"640\" height=\"480\" src=\"https:\/\/notinor.com\/jujuy\/wp-content\/uploads\/2020\/12\/Alberto-Fernandez-2-2-640x480.jpg\" alt=\"\" class=\"wp-image-282583\" srcset=\"https:\/\/notinor.com\/jujuy\/wp-content\/uploads\/2020\/12\/Alberto-Fernandez-2-2-640x480.jpg 640w, https:\/\/notinor.com\/jujuy\/wp-content\/uploads\/2020\/12\/Alberto-Fernandez-2-2-487x365.jpg 487w, https:\/\/notinor.com\/jujuy\/wp-content\/uploads\/2020\/12\/Alberto-Fernandez-2-2-768x576.jpg 768w, https:\/\/notinor.com\/jujuy\/wp-content\/uploads\/2020\/12\/Alberto-Fernandez-2-2-750x563.jpg 750w, https:\/\/notinor.com\/jujuy\/wp-content\/uploads\/2020\/12\/Alberto-Fernandez-2-2-1140x855.jpg 1140w, https:\/\/notinor.com\/jujuy\/wp-content\/uploads\/2020\/12\/Alberto-Fernandez-2-2.jpg 1200w\" sizes=\"(max-width: 640px) 100vw, 640px\" \/><\/figure>\n\n\n\n<p>Finalmente el Gobierno reglament\u00f3 la ley de Aporte Solidario y Extraordinario para morigerar los efectos de la pandemia (ley 27605\/2020) -conocida tambi\u00e9n como aporte de las grandes fortunas o impuesto a las riquezas- y sus detalles se conocieron al publicarse la edici\u00f3n del\u00a0<strong>Bolet\u00edn Oficial<\/strong>\u00a0correspondiente al viernes 29 de enero.<\/p>\n\n\n\n<p>Desde el sector empresario aseguran que se trata de un \u201cimpuesto confiscatorio\u201d y que los contribuyentes afectados van a llevar su reclamo a la Justicia. Tambi\u00e9n aseguran que el n\u00famero de personas que finalmente deber\u00e1 pagarlo va a estar por encima de 12.000, la cifra que estimaron en un primer momento desde Afip.<\/p>\n\n\n\n<p><strong>La idea del Gobierno es recaudar unos 300 mil millones de pesos.<\/strong><\/p>\n\n\n\n<p>\u201cLa reglamentaci\u00f3n no cambia mucho lo que dice el texto de la ley y es bastante gen\u00e9rica. Pero incluye un concepto complejo que es la valuaci\u00f3n de las tenencias accionarias en las sociedades donde veo un exceso en la reglamentaci\u00f3n. En algunos casos, obliga a hacer un balance al 18 de diciembre, sin tener en cuenta los costos que implica confeccionar un balance. Se generan costos extra a algunos contribuyentes s\u00ed y a otros no\u201d, se\u00f1al\u00f3 Santiago Mignone, socio principal de PwC Argentina, public\u00f3\u00a0Infobae.<\/p>\n\n\n\n<p>La reglamentaci\u00f3n se concret\u00f3 a trav\u00e9s del decreto 42\/2021, tiene 12 art\u00edculos y lleva la firma del presidente Alberto Fern\u00e1ndez, del jefe de Gabinete, Santiago Cafiero, y del ministro de Econom\u00eda, Mart\u00edn Guzm\u00e1n. <strong>Los detalles:<\/strong><\/p>\n\n\n\n<ul><li>La ley 27605, que se sancion\u00f3 en el Congreso el 4 de diciembre \u00faltimo y se promulg\u00f3 el 18 del mismo mes, establece un aporte por \u00fanica vez de una tasa del 2% a los patrimonios de las personas f\u00edsicas que hayan declarado en el impuesto a las Bienes Personales m\u00e1s de 200 millones de pesos (aunque la tasa va subiendo seg\u00fan el patrimonio) .<\/li><li>La norma, en ese aspecto, establece que la tasa a cobrar se ir\u00e1 elevando seg\u00fan el rango de fortuna que se haya declarado: ser\u00e1 del 2,25% para quienes se encuentren entre los $300 y los $ 400 millones, del 2,50% para aquellos que tengan entre $400 y $600 millones, y del 2,75%, para aquellos patrimonios entre $600 y $800 millones.<\/li><li>El aporte subir\u00e1 hasta el 3% en el caso de las fortunas entre los $800 y $1.500 millones y se extender\u00e1 hasta el 3,25% para quienes tengan entre $1.500 y 3.000 millones.<\/li><li>Por \u00faltimo, a quienes tengan bienes que superen este \u00faltimo valor se les cobrar\u00e1 un 3,5%. De esta manera, estar\u00edan obligados a pagar alrededor de 12.000 contribuyentes.<\/li><\/ul>\n","protected":false},"excerpt":{"rendered":"<p>Establece un aporte por \u00fanica vez de una tasa del 2% a los patrimonios de quienes declararon en Bienes Personales m\u00e1s de $200 millones, aunque la tasa va subiendo seg\u00fan cada caso. Finalmente el Gobierno reglament\u00f3 la ley de Aporte Solidario y Extraordinario para morigerar los efectos de la pandemia (ley 27605\/2020) -conocida tambi\u00e9n como [&hellip;]<\/p>\n","protected":false},"author":1,"featured_media":282583,"comment_status":"open","ping_status":"open","sticky":false,"template":"","format":"standard","meta":{"_stopmodifiedupdate":false,"_modified_date":"","inline_featured_image":false,"spay_email":"","jetpack_publicize_message":""},"categories":[2,5],"tags":[],"jetpack_featured_media_url":"https:\/\/notinor.com\/jujuy\/wp-content\/uploads\/2020\/12\/Alberto-Fernandez-2-2.jpg","jetpack_publicize_connections":[],"_links":{"self":[{"href":"https:\/\/notinor.com\/jujuy\/wp-json\/wp\/v2\/posts\/285982"}],"collection":[{"href":"https:\/\/notinor.com\/jujuy\/wp-json\/wp\/v2\/posts"}],"about":[{"href":"https:\/\/notinor.com\/jujuy\/wp-json\/wp\/v2\/types\/post"}],"author":[{"embeddable":true,"href":"https:\/\/notinor.com\/jujuy\/wp-json\/wp\/v2\/users\/1"}],"replies":[{"embeddable":true,"href":"https:\/\/notinor.com\/jujuy\/wp-json\/wp\/v2\/comments?post=285982"}],"version-history":[{"count":1,"href":"https:\/\/notinor.com\/jujuy\/wp-json\/wp\/v2\/posts\/285982\/revisions"}],"predecessor-version":[{"id":285983,"href":"https:\/\/notinor.com\/jujuy\/wp-json\/wp\/v2\/posts\/285982\/revisions\/285983"}],"wp:featuredmedia":[{"embeddable":true,"href":"https:\/\/notinor.com\/jujuy\/wp-json\/wp\/v2\/media\/282583"}],"wp:attachment":[{"href":"https:\/\/notinor.com\/jujuy\/wp-json\/wp\/v2\/media?parent=285982"}],"wp:term":[{"taxonomy":"category","embeddable":true,"href":"https:\/\/notinor.com\/jujuy\/wp-json\/wp\/v2\/categories?post=285982"},{"taxonomy":"post_tag","embeddable":true,"href":"https:\/\/notinor.com\/jujuy\/wp-json\/wp\/v2\/tags?post=285982"}],"curies":[{"name":"wp","href":"https:\/\/api.w.org\/{rel}","templated":true}]}}