{"id":285967,"date":"2021-01-29T16:09:44","date_gmt":"2021-01-29T19:09:44","guid":{"rendered":"https:\/\/notinor.com\/jujuy\/?p=285967"},"modified":"2021-01-29T16:10:12","modified_gmt":"2021-01-29T19:10:12","slug":"extendieron-la-validez-del-pase-libre-para-todo-el-ano-2021","status":"publish","type":"post","link":"https:\/\/notinor.com\/jujuy\/extendieron-la-validez-del-pase-libre-para-todo-el-ano-2021\/","title":{"rendered":"Extendieron la validez del \"pase libre\" para todo el a\u00f1o 2021"},"content":{"rendered":"\n<p>Este a\u00f1o no ser\u00e1 necesario renovar los carnets de pases libres del 2020.<\/p>\n\n\n\n<figure class=\"wp-block-image size-large\"><img decoding=\"async\" loading=\"lazy\" width=\"827\" height=\"454\" src=\"https:\/\/notinor.com\/jujuy\/wp-content\/uploads\/2021\/01\/pase-libre-jujuy.jpg\" alt=\"\" class=\"wp-image-285968\" srcset=\"https:\/\/notinor.com\/jujuy\/wp-content\/uploads\/2021\/01\/pase-libre-jujuy.jpg 827w, https:\/\/notinor.com\/jujuy\/wp-content\/uploads\/2021\/01\/pase-libre-jujuy-660x362.jpg 660w, https:\/\/notinor.com\/jujuy\/wp-content\/uploads\/2021\/01\/pase-libre-jujuy-768x422.jpg 768w, https:\/\/notinor.com\/jujuy\/wp-content\/uploads\/2021\/01\/pase-libre-jujuy-750x412.jpg 750w\" sizes=\"(max-width: 827px) 100vw, 827px\" \/><\/figure>\n\n\n\n<p>Desde la Municipalidad de San Salvador de Jujuy resolvieron extender la vigencia del \"pase libre\" en el transporte p\u00fablico para personas con discapacidad, adultos mayores y veteranos de guerra. La decisi\u00f3n se tom\u00f3 para evitar las aglomeraciones y la circulaci\u00f3n de estas personas.<\/p>\n\n\n\n<p>Entonces, los carnets del a\u00f1o 2020 funcionar\u00e1n normalmente durante el transcurso del presente 2021. La Direcci\u00f3n General de Desarrollo Familiar y Asistencia Directa, dependientes de la Secretar\u00eda de Desarrollo Humano, afirmaron la pr\u00f3rroga de la validez del \"pase libre\" del a\u00f1o pasado debido a la pandemia por Covid-19.<\/p>\n\n\n\n<p>En cuanto a las personas que obtuvieron recientemente el Certificado \u00danico de Discapacidad, podr\u00e1n gestionar el pase en las dependencias de la Direcci\u00f3n de Asistencia Directa, ubicado en la avenida Almirante Brown esquina Oscar Or\u00edas del barrio San Pedrito. El horario disponible es de 8 a 13 y de lunes a viernes. Asimismo, los interesados deber\u00e1n presentarse con la documentaci\u00f3n pertinente. De igual manera para los nuevos adultos mayores que quieran gestionar el beneficio.<\/p>\n\n\n\n<p>De modo que aquellas personas que tengan en sus carnets la fecha de vencimiento como 31 de diciembre del 2020, podr\u00e1n continuar utilizando el \"pase libre\" ya que la nueva fecha de caducidad fue prorrogada hasta finalizar el presente 2021.<\/p>\n","protected":false},"excerpt":{"rendered":"<p>Este a\u00f1o no ser\u00e1 necesario renovar los carnets de pases libres del 2020. Desde la Municipalidad de San Salvador de Jujuy resolvieron extender la vigencia del \"pase libre\" en el transporte p\u00fablico para personas con discapacidad, adultos mayores y veteranos de guerra. La decisi\u00f3n se tom\u00f3 para evitar las aglomeraciones y la circulaci\u00f3n de estas [&hellip;]<\/p>\n","protected":false},"author":1,"featured_media":285968,"comment_status":"open","ping_status":"open","sticky":false,"template":"","format":"standard","meta":{"_stopmodifiedupdate":false,"_modified_date":"","inline_featured_image":false,"spay_email":"","jetpack_publicize_message":""},"categories":[2,514],"tags":[],"jetpack_featured_media_url":"https:\/\/notinor.com\/jujuy\/wp-content\/uploads\/2021\/01\/pase-libre-jujuy.jpg","jetpack_publicize_connections":[],"_links":{"self":[{"href":"https:\/\/notinor.com\/jujuy\/wp-json\/wp\/v2\/posts\/285967"}],"collection":[{"href":"https:\/\/notinor.com\/jujuy\/wp-json\/wp\/v2\/posts"}],"about":[{"href":"https:\/\/notinor.com\/jujuy\/wp-json\/wp\/v2\/types\/post"}],"author":[{"embeddable":true,"href":"https:\/\/notinor.com\/jujuy\/wp-json\/wp\/v2\/users\/1"}],"replies":[{"embeddable":true,"href":"https:\/\/notinor.com\/jujuy\/wp-json\/wp\/v2\/comments?post=285967"}],"version-history":[{"count":2,"href":"https:\/\/notinor.com\/jujuy\/wp-json\/wp\/v2\/posts\/285967\/revisions"}],"predecessor-version":[{"id":285970,"href":"https:\/\/notinor.com\/jujuy\/wp-json\/wp\/v2\/posts\/285967\/revisions\/285970"}],"wp:featuredmedia":[{"embeddable":true,"href":"https:\/\/notinor.com\/jujuy\/wp-json\/wp\/v2\/media\/285968"}],"wp:attachment":[{"href":"https:\/\/notinor.com\/jujuy\/wp-json\/wp\/v2\/media?parent=285967"}],"wp:term":[{"taxonomy":"category","embeddable":true,"href":"https:\/\/notinor.com\/jujuy\/wp-json\/wp\/v2\/categories?post=285967"},{"taxonomy":"post_tag","embeddable":true,"href":"https:\/\/notinor.com\/jujuy\/wp-json\/wp\/v2\/tags?post=285967"}],"curies":[{"name":"wp","href":"https:\/\/api.w.org\/{rel}","templated":true}]}}