{"id":285958,"date":"2021-01-29T15:03:31","date_gmt":"2021-01-29T18:03:31","guid":{"rendered":"https:\/\/notinor.com\/jujuy\/?p=285958"},"modified":"2021-01-29T15:07:34","modified_gmt":"2021-01-29T18:07:34","slug":"suspendieron-todas-las-actividades-de-carnaval-en-la-quiaca","status":"publish","type":"post","link":"https:\/\/notinor.com\/jujuy\/suspendieron-todas-las-actividades-de-carnaval-en-la-quiaca\/","title":{"rendered":"Suspendieron todas las actividades de Carnaval en La Quiaca"},"content":{"rendered":"\n<p>Lo confirm\u00f3 la Municipalidad, la decisi\u00f3n es debido a la complicada situaci\u00f3n epidemiol\u00f3gica.<\/p>\n\n\n\n<figure class=\"wp-block-image size-large\"><img decoding=\"async\" loading=\"lazy\" width=\"762\" height=\"480\" src=\"https:\/\/notinor.com\/jujuy\/wp-content\/uploads\/2021\/01\/carnaval-la-quiaca-762x480.jpg\" alt=\"\" class=\"wp-image-285959\" srcset=\"https:\/\/notinor.com\/jujuy\/wp-content\/uploads\/2021\/01\/carnaval-la-quiaca-762x480.jpg 762w, https:\/\/notinor.com\/jujuy\/wp-content\/uploads\/2021\/01\/carnaval-la-quiaca-579x365.jpg 579w, https:\/\/notinor.com\/jujuy\/wp-content\/uploads\/2021\/01\/carnaval-la-quiaca-768x484.jpg 768w, https:\/\/notinor.com\/jujuy\/wp-content\/uploads\/2021\/01\/carnaval-la-quiaca-750x472.jpg 750w, https:\/\/notinor.com\/jujuy\/wp-content\/uploads\/2021\/01\/carnaval-la-quiaca.jpg 981w\" sizes=\"(max-width: 762px) 100vw, 762px\" \/><\/figure>\n\n\n\n<p>La ciudad de La Quiaca atraviesa una complicada situaci\u00f3n epidemiol\u00f3gica con altos n\u00fameros de contagios de coronavirus y el hospital Jorge Uro al borde del colapso. Bajo ese marco es impensado hacer lugar a festividades masivas o que signifiquen una aglomeraci\u00f3n de personas. <\/p>\n\n\n\n<p>Este viernes la localidad deb\u00eda salir de la \"zona amarilla\", sin embargo y teniendo en cuenta que los operativos sanitarios de esta semana arrojaron datos m\u00e1s alarmantes que la anterior -con 48 contagios confirmados en tres d\u00edas y 600 personas en seguimiento epidemiol\u00f3gico- , la realidad parece indicar restricciones m\u00e1s fuertes en la ciudad fronteriza.<\/p>\n\n\n\n<p><strong><em>Relacionado: <a href=\"https:\/\/notinor.com\/jujuy\/preocupacion-maxima-por-el-rebrote-de-casos-en-la-quiaca\/\">Preocupaci\u00f3n m\u00e1xima por el rebrote de casos en La Quiaca<\/a><\/em><\/strong><\/p>\n\n\n\n<p>A ra\u00edz de esto, desde la <strong>Municipalidad de La Quiaca decidieron suspender todo tipo de actividades referidas al Carnaval 2021.<\/strong><\/p>\n\n\n\n<p>La normativa abarca tanto a desentierros y entierros en las distintas comparsas, como as\u00ed tambi\u00e9n los festejos de Jueves de Compadres y de Comadres.<\/p>\n\n\n\n<p>Desde la ciudad fronteriza aguardan instrucciones del COE Provincial para evaluar c\u00f3mo continuar\u00e1n las restricciones y permisiones, entendiendo el fuerte rebrote que azota a la localidad pune\u00f1a.<\/p>\n\n\n\n<p><strong><em>Seguir leyendo: <a href=\"https:\/\/notinor.com\/jujuy\/ahora-jujuy-registro-40-nuevos-casos-y-una-muerte-por-coronavirus\/\">AHORA | Jujuy registr\u00f3 40 nuevos casos y una muerte por coronavirus<\/a><\/em><\/strong><\/p>\n\n\n\n<p><strong><em>Seguir leyendo: <a href=\"https:\/\/notinor.com\/jujuy\/coronavirus-asi-estan-distribuidos-los-casos-por-barrio-en-san-salvador-de-jujuy\/\">Coronavirus | As\u00ed est\u00e1n distribuidos los casos por barrio en San Salvador de Jujuy<\/a><\/em><\/strong><\/p>\n","protected":false},"excerpt":{"rendered":"<p>Lo confirm\u00f3 la Municipalidad, la decisi\u00f3n es debido a la complicada situaci\u00f3n epidemiol\u00f3gica. La ciudad de La Quiaca atraviesa una complicada situaci\u00f3n epidemiol\u00f3gica con altos n\u00fameros de contagios de coronavirus y el hospital Jorge Uro al borde del colapso. Bajo ese marco es impensado hacer lugar a festividades masivas o que signifiquen una aglomeraci\u00f3n de [&hellip;]<\/p>\n","protected":false},"author":1,"featured_media":285959,"comment_status":"open","ping_status":"open","sticky":false,"template":"","format":"standard","meta":{"_stopmodifiedupdate":false,"_modified_date":"","inline_featured_image":false,"spay_email":"","jetpack_publicize_message":""},"categories":[2,4],"tags":[],"jetpack_featured_media_url":"https:\/\/notinor.com\/jujuy\/wp-content\/uploads\/2021\/01\/carnaval-la-quiaca.jpg","jetpack_publicize_connections":[],"_links":{"self":[{"href":"https:\/\/notinor.com\/jujuy\/wp-json\/wp\/v2\/posts\/285958"}],"collection":[{"href":"https:\/\/notinor.com\/jujuy\/wp-json\/wp\/v2\/posts"}],"about":[{"href":"https:\/\/notinor.com\/jujuy\/wp-json\/wp\/v2\/types\/post"}],"author":[{"embeddable":true,"href":"https:\/\/notinor.com\/jujuy\/wp-json\/wp\/v2\/users\/1"}],"replies":[{"embeddable":true,"href":"https:\/\/notinor.com\/jujuy\/wp-json\/wp\/v2\/comments?post=285958"}],"version-history":[{"count":3,"href":"https:\/\/notinor.com\/jujuy\/wp-json\/wp\/v2\/posts\/285958\/revisions"}],"predecessor-version":[{"id":285962,"href":"https:\/\/notinor.com\/jujuy\/wp-json\/wp\/v2\/posts\/285958\/revisions\/285962"}],"wp:featuredmedia":[{"embeddable":true,"href":"https:\/\/notinor.com\/jujuy\/wp-json\/wp\/v2\/media\/285959"}],"wp:attachment":[{"href":"https:\/\/notinor.com\/jujuy\/wp-json\/wp\/v2\/media?parent=285958"}],"wp:term":[{"taxonomy":"category","embeddable":true,"href":"https:\/\/notinor.com\/jujuy\/wp-json\/wp\/v2\/categories?post=285958"},{"taxonomy":"post_tag","embeddable":true,"href":"https:\/\/notinor.com\/jujuy\/wp-json\/wp\/v2\/tags?post=285958"}],"curies":[{"name":"wp","href":"https:\/\/api.w.org\/{rel}","templated":true}]}}