{"id":285951,"date":"2021-01-29T12:40:10","date_gmt":"2021-01-29T15:40:10","guid":{"rendered":"https:\/\/notinor.com\/jujuy\/?p=285951"},"modified":"2021-01-29T12:40:15","modified_gmt":"2021-01-29T15:40:15","slug":"natalie-perez-y-el-polaco-unidos-por-la-musica-se-ordenaron-los-planetas-para-que-trabajemos-juntos","status":"publish","type":"post","link":"https:\/\/notinor.com\/jujuy\/natalie-perez-y-el-polaco-unidos-por-la-musica-se-ordenaron-los-planetas-para-que-trabajemos-juntos\/","title":{"rendered":"Natalie P\u00e9rez y El Polaco, unidos por la m\u00fasica: \u201cSe ordenaron los planetas para que trabajemos juntos\u201d"},"content":{"rendered":"\n<p>Como si fuesen dos amigos que se conocen de toda la vida, Natalie P\u00e9rez y Ezequiel \u201cEl Polaco\u201d Cwirkaluk hacen chistes, se muestran muy entusiasmados por su flamante colaboraci\u00f3n musical, y aseguran que trabajar juntos termin\u00f3 d\u00e1ndose de manera inevitable, cuando se \u201cordenaron los planetas\u201d. <\/p>\n\n\n\n<div class=\"wp-block-image\"><figure class=\"aligncenter\"><img decoding=\"async\" src=\"https:\/\/media.canalnet.tv\/2021\/01\/Screen-Shot-2021-01-08-at-7.11.20-PM-974x550.png\" alt=\"Natalie Perez y El Polaco derrochan sensualidad en su nuevo video\"\/><\/figure><\/div>\n\n\n\n<p>Claro, MasterChef Celebrity hizo lo suyo (Natalie reemplaz\u00f3 al cantante en algunas emisiones del reality de Telefe).<\/p>\n\n\n\n<p>El Polaco lanz\u00f3 el single de su nuevo disco titulado \u201cEl regalo\u201d con un video que se estren\u00f3 a comienzos de mes. La canci\u00f3n, que estuvo \u201cguardada\u201d por tres a\u00f1os, lo mostr\u00f3 al int\u00e9rprete alej\u00e1ndose moment\u00e1neamente de la cumbia para bucear en otros g\u00e9neros, encontrando en P\u00e9rez -quien en noviembre de 2020 edit\u00f3 su nuevo \u00e1lbum, Detox-, a la compa\u00f1era ideal para esa traves\u00eda.<\/p>\n\n\n\n<figure class=\"wp-block-embed-youtube wp-block-embed is-type-video is-provider-youtube wp-embed-aspect-16-9 wp-has-aspect-ratio\"><div class=\"wp-block-embed__wrapper\">\n<div class=\"jeg_video_container jeg_video_content\"><iframe loading=\"lazy\" title=\"El Polaco - El Regalo (Official Video) ft. Natalie Perez\" width=\"500\" height=\"281\" src=\"https:\/\/www.youtube.com\/embed\/DlKLR1QqELs?feature=oembed\" frameborder=\"0\" allow=\"accelerometer; autoplay; clipboard-write; encrypted-media; gyroscope; picture-in-picture\" allowfullscreen><\/iframe><\/div>\n<\/div><\/figure>\n\n\n\n<p>Por su parte, Natalie emprende en febrero su gira de verano con dos shows en Buenos Aires, el 20 en el Parador Konex, el 27 en el Centro Cultural G\u00fcemes de Rosario y el 28 en el espacio Quality de C\u00f3rdoba. El Polaco tambi\u00e9n se prepara para ese necesario reencuentro con la audiencia, que se dar\u00e1 pr\u00f3ximamente en el norte del pa\u00eds.<\/p>\n\n\n\n<p><\/p>\n","protected":false},"excerpt":{"rendered":"<p>Como si fuesen dos amigos que se conocen de toda la vida, Natalie P\u00e9rez y Ezequiel \u201cEl Polaco\u201d Cwirkaluk hacen chistes, se muestran muy entusiasmados por su flamante colaboraci\u00f3n musical, y aseguran que trabajar juntos termin\u00f3 d\u00e1ndose de manera inevitable, cuando se \u201cordenaron los planetas\u201d. Claro, MasterChef Celebrity hizo lo suyo (Natalie reemplaz\u00f3 al cantante [&hellip;]<\/p>\n","protected":false},"author":40,"featured_media":285952,"comment_status":"open","ping_status":"open","sticky":false,"template":"","format":"standard","meta":{"_stopmodifiedupdate":false,"_modified_date":"","inline_featured_image":false,"spay_email":"","jetpack_publicize_message":""},"categories":[21],"tags":[],"jetpack_featured_media_url":"https:\/\/notinor.com\/jujuy\/wp-content\/uploads\/2021\/01\/el_regalo_2.jpg_1956802537.jpg","jetpack_publicize_connections":[],"_links":{"self":[{"href":"https:\/\/notinor.com\/jujuy\/wp-json\/wp\/v2\/posts\/285951"}],"collection":[{"href":"https:\/\/notinor.com\/jujuy\/wp-json\/wp\/v2\/posts"}],"about":[{"href":"https:\/\/notinor.com\/jujuy\/wp-json\/wp\/v2\/types\/post"}],"author":[{"embeddable":true,"href":"https:\/\/notinor.com\/jujuy\/wp-json\/wp\/v2\/users\/40"}],"replies":[{"embeddable":true,"href":"https:\/\/notinor.com\/jujuy\/wp-json\/wp\/v2\/comments?post=285951"}],"version-history":[{"count":1,"href":"https:\/\/notinor.com\/jujuy\/wp-json\/wp\/v2\/posts\/285951\/revisions"}],"predecessor-version":[{"id":285953,"href":"https:\/\/notinor.com\/jujuy\/wp-json\/wp\/v2\/posts\/285951\/revisions\/285953"}],"wp:featuredmedia":[{"embeddable":true,"href":"https:\/\/notinor.com\/jujuy\/wp-json\/wp\/v2\/media\/285952"}],"wp:attachment":[{"href":"https:\/\/notinor.com\/jujuy\/wp-json\/wp\/v2\/media?parent=285951"}],"wp:term":[{"taxonomy":"category","embeddable":true,"href":"https:\/\/notinor.com\/jujuy\/wp-json\/wp\/v2\/categories?post=285951"},{"taxonomy":"post_tag","embeddable":true,"href":"https:\/\/notinor.com\/jujuy\/wp-json\/wp\/v2\/tags?post=285951"}],"curies":[{"name":"wp","href":"https:\/\/api.w.org\/{rel}","templated":true}]}}