{"id":285948,"date":"2021-01-29T12:36:16","date_gmt":"2021-01-29T15:36:16","guid":{"rendered":"https:\/\/notinor.com\/jujuy\/?p=285948"},"modified":"2021-01-29T12:36:22","modified_gmt":"2021-01-29T15:36:22","slug":"la-union-europea-traba-la-exportacion-de-vacunas-desde-su-territorio","status":"publish","type":"post","link":"https:\/\/notinor.com\/jujuy\/la-union-europea-traba-la-exportacion-de-vacunas-desde-su-territorio\/","title":{"rendered":"La Uni\u00f3n Europea traba la exportaci\u00f3n de vacunas desde su territorio"},"content":{"rendered":"\n<p>La escalada del conflicto entre la\u00a0<strong>Uni\u00f3n Europea (UE) y el laboratorio AstraZeneca<\/strong>\u00a0por los retrasos en la entrega de vacunas contra el coronavirus lleg\u00f3 a un punto tal que el bloque amenaz\u00f3 con\u00a0<strong>trabar los env\u00edos de dosis<\/strong>\u00a0a otros pa\u00edses y hasta\u00a0<strong>revelar los detalles sensibles del contrato<\/strong>\u00a0hasta ahora incumplido.<\/p>\n\n\n\n<div class=\"wp-block-image\"><figure class=\"aligncenter\"><img decoding=\"async\" src=\"https:\/\/images.pagina12.com.ar\/styles\/focal_3_2_960x640\/public\/2021-01\/137330-90a0f922a50eb2945fa5aa6cbdfae32aec54599dw_0.jpg?itok=OFDHEgac\" alt=\"\"\/><\/figure><\/div>\n\n\n\n<p>La Comisi\u00f3n Europea anunci\u00f3 finalmente este viernes&nbsp;<strong>la adopci\u00f3n de un mecanismo de control de la exportaci\u00f3n de las vacunas desde territorio europeo<\/strong>. El presidente ejecutivo de la Comisi\u00f3n, Valdis Dombrovskis, dijo en conferencia de prensa que la regulaci\u00f3n adoptada somete a las vacunas a una \"autorizaci\u00f3n de exportaci\u00f3n\" operada por los estados miembros.<\/p>\n\n\n\n<p>\"La UE debe tomar medidas en\u00e9rgicas para asegurar su suministro de vacunas\"<\/p>\n\n\n\n<p>Quien advirti\u00f3 sobre el posible bloqueo a la entrega de vacunas a pa\u00edses que no sean del bloque fue el presidente del Consejo Europeo, Charles Michel, al anunciar la puesta en marcha del&nbsp;<strong>sistema de monitoreo de exportaci\u00f3n que proh\u00edbe la salida de f\u00e1rmacos si no son \"leg\u00edtimos\"<\/strong>.<\/p>\n\n\n\n<p>\"<strong>La UE debe tomar medidas en\u00e9rgicas para asegurar su suministro de vacunas<\/strong>&nbsp;y demostrar concretamente que la protecci\u00f3n de sus ciudadanos sigue siendo nuestra prioridad absoluta\", dijo.<\/p>\n\n\n\n<p>Luego, fuentes de ese organismo intentaron poner pa\u00f1os fr\u00edos. Dijeron que esa&nbsp;<strong>\"medida de emergencia\"<\/strong>&nbsp;no estaba dirigida \"a ninguna empresa en particular\u201d, pero sin embargo fue anunciada despu\u00e9s de que comenzara una disputa entre la UE y AstraZeneca.<\/p>\n\n\n\n<p>El sistema denominado&nbsp;<strong>\"Mecanismo de Transparencia y Concesi\u00f3n de Licencias para las Exportaciones\"<\/strong>&nbsp;tiene como objetivo recopilar informaci\u00f3n sobre la producci\u00f3n de la vacuna contra el Covid-19 que se enviar\u00e1 fuera de la UE, y cumple con las reglas de la Organizaci\u00f3n Mundial del Comercio en cuanto a \"exportaciones humanitarias\".<\/p>\n\n\n\n<h2>AstraZeneca en alerta<\/h2>\n\n\n\n<p><strong>AstraZeneca<\/strong>&nbsp;no baj\u00f3 las alertas. Su anuncio de que&nbsp;<strong>solo podr\u00eda entregar una cuarta parte de lo prometido para el primer trimestre de este a\u00f1o<\/strong>&nbsp;la pone en desventaja respecto de Pfizer\/Biontech y Moderna, que ya recibieron el visto bueno de la Agencia Europea de Medicamentos (EMA).<\/p>\n\n\n\n<p>Y no solo eso. Sum\u00f3 tambi\u00e9n el rev\u00e9s de que&nbsp;<strong>Alemania no recomend\u00f3 esa vacuna para los mayores de 65 a\u00f1os<\/strong>, debido a dudas en los resultados.&nbsp;Luego de esto, hasta el primer ministro brit\u00e1nico,&nbsp;<strong>Boris Johnson<\/strong>, sali\u00f3 a defender la eficacia de la vacuna elaborada por Oxford y producida por AstraZeneca en laboratorios del Reino Unido.&nbsp;<\/p>\n\n\n\n<p>A\u00fan as\u00ed, lo que m\u00e1s temen los due\u00f1os de la farmac\u00e9utica es que&nbsp;<strong>se revele p\u00fablicamente la letra chica del contrato firmado con la UE<\/strong>. As\u00ed lo advirti\u00f3 la presidenta de la Comisi\u00f3n Europea (CE),&nbsp;<strong>\u00darsula Von der Leyen<\/strong>.<\/p>\n\n\n\n<p>El convenio firmado entre la farmac\u00e9utica anglosueca y el bloque contiene&nbsp;<strong>\"entregas claras\" de dosis para diciembre y los tres primeros trimestres de 2021<\/strong>, precis\u00f3. Por eso \u201cqueremos publicar su contenido\u201d y \u201cya hablamos con la empresa para ver qu\u00e9 partes hay que suprimir\u201d.<\/p>\n\n\n\n<p><strong>\u201cSon datos empresariales sensibles, eso est\u00e1 claro\"<\/strong>, amenaz\u00f3 en alusi\u00f3n al contrato que hasta ahora est\u00e1 bloqueado por cl\u00e1usulas de confidencialidad. No obstante, Von der Leyen asegur\u00f3 que la compa\u00f1\u00eda tiene \u201csitios de producci\u00f3n que se supone que producen cantidades de entrega\" que pueden cubrir lo convenido e insisti\u00f3 que \u201chay \u00f3rdenes vinculantes y el contrato es muy claro\u201d.<\/p>\n\n\n\n<p>\u201c<strong>Queremos transparencia<\/strong>. Queremos saber qu\u00e9 est\u00e1 pasando\" porque \u201cse trata de millones de euros que han sido preinvertidos por la Uni\u00f3n Europea\", dijo la presidenta de la CE.<\/p>\n\n\n\n<h5><a href=\"https:\/\/www.pagina12.com.ar\/320342-novavax-informo-que-su-vacuna-contra-coronavirus-tuvo-una-ef\"><\/a><\/h5>\n","protected":false},"excerpt":{"rendered":"<p>La escalada del conflicto entre la\u00a0Uni\u00f3n Europea (UE) y el laboratorio AstraZeneca\u00a0por los retrasos en la entrega de vacunas contra el coronavirus lleg\u00f3 a un punto tal que el bloque amenaz\u00f3 con\u00a0trabar los env\u00edos de dosis\u00a0a otros pa\u00edses y hasta\u00a0revelar los detalles sensibles del contrato\u00a0hasta ahora incumplido. La Comisi\u00f3n Europea anunci\u00f3 finalmente este viernes&nbsp;la adopci\u00f3n [&hellip;]<\/p>\n","protected":false},"author":40,"featured_media":285949,"comment_status":"open","ping_status":"open","sticky":false,"template":"","format":"standard","meta":{"_stopmodifiedupdate":false,"_modified_date":"","inline_featured_image":false,"spay_email":"","jetpack_publicize_message":""},"categories":[6],"tags":[],"jetpack_featured_media_url":"https:\/\/notinor.com\/jujuy\/wp-content\/uploads\/2021\/01\/iiii.png","jetpack_publicize_connections":[],"_links":{"self":[{"href":"https:\/\/notinor.com\/jujuy\/wp-json\/wp\/v2\/posts\/285948"}],"collection":[{"href":"https:\/\/notinor.com\/jujuy\/wp-json\/wp\/v2\/posts"}],"about":[{"href":"https:\/\/notinor.com\/jujuy\/wp-json\/wp\/v2\/types\/post"}],"author":[{"embeddable":true,"href":"https:\/\/notinor.com\/jujuy\/wp-json\/wp\/v2\/users\/40"}],"replies":[{"embeddable":true,"href":"https:\/\/notinor.com\/jujuy\/wp-json\/wp\/v2\/comments?post=285948"}],"version-history":[{"count":1,"href":"https:\/\/notinor.com\/jujuy\/wp-json\/wp\/v2\/posts\/285948\/revisions"}],"predecessor-version":[{"id":285950,"href":"https:\/\/notinor.com\/jujuy\/wp-json\/wp\/v2\/posts\/285948\/revisions\/285950"}],"wp:featuredmedia":[{"embeddable":true,"href":"https:\/\/notinor.com\/jujuy\/wp-json\/wp\/v2\/media\/285949"}],"wp:attachment":[{"href":"https:\/\/notinor.com\/jujuy\/wp-json\/wp\/v2\/media?parent=285948"}],"wp:term":[{"taxonomy":"category","embeddable":true,"href":"https:\/\/notinor.com\/jujuy\/wp-json\/wp\/v2\/categories?post=285948"},{"taxonomy":"post_tag","embeddable":true,"href":"https:\/\/notinor.com\/jujuy\/wp-json\/wp\/v2\/tags?post=285948"}],"curies":[{"name":"wp","href":"https:\/\/api.w.org\/{rel}","templated":true}]}}