{"id":285942,"date":"2021-01-29T12:26:49","date_gmt":"2021-01-29T15:26:49","guid":{"rendered":"https:\/\/notinor.com\/jujuy\/?p=285942"},"modified":"2021-01-29T12:26:53","modified_gmt":"2021-01-29T15:26:53","slug":"impuesto-a-la-riqueza-el-gobierno-reglamento-la-ley-y-entro-en-vigencia","status":"publish","type":"post","link":"https:\/\/notinor.com\/jujuy\/impuesto-a-la-riqueza-el-gobierno-reglamento-la-ley-y-entro-en-vigencia\/","title":{"rendered":"Impuesto a la riqueza: el Gobierno reglament\u00f3 la ley y entr\u00f3 en vigencia"},"content":{"rendered":"\n<p>Hay alrededor de 12.000 contribuyentes que estar\u00edan obligados a pagar el Aporte Solidario y Extraordinario. La reglamentaci\u00f3n se concret\u00f3 a trav\u00e9s del Decreto 42\/2021, que fue publicado este viernes en el Bolet\u00edn Oficial.<\/p>\n\n\n\n<div class=\"wp-block-image\"><figure class=\"aligncenter is-resized\"><img decoding=\"async\" loading=\"lazy\" src=\"https:\/\/ep01.epimg.net\/internacional\/imagenes\/2020\/02\/10\/argentina\/1581356874_006510_1581358469_noticia_normal.jpg\" alt=\"Argentina: Alberto Fern\u00e1ndez se enreda en una disputa con los kirchneristas  presos durante el macrismo | Argentina | EL PA\u00cdS\" width=\"1019\" height=\"622\"\/><\/figure><\/div>\n\n\n\n<p>El Gobierno reglament\u00f3 la Ley de Aporte Solidario y Extraordinario para morigerar los efectos de la pandemia (Ley 27605\/2020) -conocida tambi\u00e9n como aporte de las grandes fortunas o impuesto a la riqueza- y sus detalles se conocieron al publicarse la edici\u00f3n del Bolet\u00edn Oficial correspondiente al viernes 29 de enero.<\/p>\n\n\n\n<p>La reglamentaci\u00f3n se concret\u00f3 a trav\u00e9s del Decreto 42\/2021, tiene 12 art\u00edculos y lleva la firma del presidente Alberto Fern\u00e1ndez, del jefe de Gabinete, Santiago Cafiero, y del ministro de Econom\u00eda, Mart\u00edn Guzm\u00e1n.<\/p>\n\n\n\n<p>La Ley 27605, que se sancion\u00f3 en el Congreso el 4 de diciembre \u00faltimo y se promulg\u00f3 el 18 del mismo mes, establece un aporte por \u00fanica vez de una tasa del 2% a los patrimonios de las personas f\u00edsicas que hayan declarado en el impuesto a las Bienes Personales m\u00e1s de $ 200 millones (aunque la tasa va subiendo seg\u00fan el patrimonio).<\/p>\n\n\n\n<p>La norma, en ese aspecto, establece que la tasa a cobrar se ir\u00e1 elevando seg\u00fan el rango de fortuna que se haya declarado: ser\u00e1 del 2,25% para quienes se encuentren entre los $ 300 y los $ 400 millones, del 2,50% para aquellos que tengan entre $ 400 y $ 600 millones, y del 2,75%, para aquellos patrimonios entre $ 600 y $ 800 millones.<\/p>\n\n\n\n<p>El aporte subir\u00e1 hasta el 3% en el caso de las fortunas entre los $ 800 y $ 1500 millones y se extender\u00e1 hasta el 3,25% para quienes tengan entre $ 1500 y 3000 millones. Por \u00faltimo, a quienes tengan bienes que superen este \u00faltimo valor se les cobrar\u00e1 un 3,5%.<\/p>\n\n\n\n<p>Estar\u00edan obligados a pagar alrededor de 12.000 contribuyentes. Y de esta manera, el Gobierno espera recaudar unos $ 300.000 millones.<\/p>\n\n\n\n<p>Adem\u00e1s, la Ley 27605 determina espec\u00edficamente cu\u00e1l ser\u00e1 el destino de los fondos recaudados, que ser\u00e1n distribuidos, a saber:<\/p>\n\n\n\n<p>en un 25% a exploraci\u00f3n, desarrollo y producci\u00f3n de gas natural;<br>otro 20% a adquirir equipamientos de salud para enfrentar la pandemia;<br>un 20% a apoyar a empresas Pymes;<br>un 20% para financiar el relanzamiento de las becas Progresar creadas para apoyar a j\u00f3venes estudiantes,<br>mientras que el 15% restante se utilizar\u00e1 para la urbanizaci\u00f3n de barrios populares mediante cooperativas organizadas por los vecinos de cada barrio.<\/p>\n\n\n\n<p>La Ley de Aporte Solidario y Extraordinario fue pensada para que el fisco sume una contribuci\u00f3n adicional de las personas f\u00edsicas con mayor capacidad econ\u00f3mica en un contexto de emergencia, como la pandemia global de Covid-19.<\/p>\n\n\n\n<div class=\"wp-block-image\"><figure class=\"aligncenter\"><img decoding=\"async\" src=\"https:\/\/canalc.com.ar\/wp-content\/uploads\/2020\/10\/297925_viernes.jpg\" alt=\"Fern\u00e1ndez prorrog\u00f3 la DISPO en todo el pa\u00eds hasta el 31 de enero \u2013 Canal C\"\/><\/figure><\/div>\n\n\n\n<p>La iniciativa surgi\u00f3 de una serie de ideas y propuestas que se fueron ajustando y que sobre todo fueron impulsadas por el titular de la comisi\u00f3n de Presupuesto de la C\u00e1mara Baja, Carlos Heller (FdT-CABA), y el jefe del bloque del FdT en Diputados, M\u00e1ximo Kirchner, quienes se convirtieron en las caras p\u00fablicas del proyecto.<\/p>\n\n\n\n<p>La reglamentaci\u00f3n que se conoci\u00f3 con la publicaci\u00f3n en el Bolet\u00edn Oficial, a las 0 horas de este viernes 29 de enero, fija precisiones para calcular el rango de fortuna de aquellas personas que poseen acciones o participaciones en empresas, permiti\u00e9ndoles, por ejemplo, descontar deudas o pasivos de las empresas a la fecha del 18 de diciembre de 2020.<\/p>\n\n\n\n<p>Otro de los puntos de la reglamentaci\u00f3n est\u00e1 referido a la excepci\u00f3n para las llamadas \"actividades operativas\" ligadas a lo productivo y no a la valorizaci\u00f3n de activos financieros: el decreto precisa que las actividades cuyos ingresos no provengan en un porcentaje superior al 50% de rentas pasivas no podr\u00e1n definirse como \"activos financieros\".<\/p>\n\n\n\n<p>El Decreto 42\/2021 faculta por otro lado a la Administraci\u00f3n Federal de Ingresos P\u00fablicos (AFIP) para que se encargue de \"instrumentar los reg\u00edmenes de informaci\u00f3n a los fines de recabar datos\" y evitar as\u00ed las operaciones de evasi\u00f3n impositiva.<\/p>\n\n\n\n<p>En ese sentido, al sancionarse y promulgarse la norma, algunos empresarios con grandes patrimonios que quedar\u00e1n en la base imponible de esta aporte por \u00fanica vez amenazaron con iniciar una rebeli\u00f3n fiscal contra una ley que a pesar de despertar mucha aprobaci\u00f3n en las encuestas fue al mismo tiempo muy atacada desde ciertos medios de comunicaci\u00f3n.<\/p>\n","protected":false},"excerpt":{"rendered":"<p>Hay alrededor de 12.000 contribuyentes que estar\u00edan obligados a pagar el Aporte Solidario y Extraordinario. La reglamentaci\u00f3n se concret\u00f3 a trav\u00e9s del Decreto 42\/2021, que fue publicado este viernes en el Bolet\u00edn Oficial. El Gobierno reglament\u00f3 la Ley de Aporte Solidario y Extraordinario para morigerar los efectos de la pandemia (Ley 27605\/2020) -conocida tambi\u00e9n como [&hellip;]<\/p>\n","protected":false},"author":40,"featured_media":285943,"comment_status":"open","ping_status":"open","sticky":false,"template":"","format":"standard","meta":{"_stopmodifiedupdate":false,"_modified_date":"","inline_featured_image":false,"spay_email":"","jetpack_publicize_message":""},"categories":[501],"tags":[],"jetpack_featured_media_url":"https:\/\/notinor.com\/jujuy\/wp-content\/uploads\/2021\/01\/1581356874_006510_1581358469_noticia_normal.jpg","jetpack_publicize_connections":[],"_links":{"self":[{"href":"https:\/\/notinor.com\/jujuy\/wp-json\/wp\/v2\/posts\/285942"}],"collection":[{"href":"https:\/\/notinor.com\/jujuy\/wp-json\/wp\/v2\/posts"}],"about":[{"href":"https:\/\/notinor.com\/jujuy\/wp-json\/wp\/v2\/types\/post"}],"author":[{"embeddable":true,"href":"https:\/\/notinor.com\/jujuy\/wp-json\/wp\/v2\/users\/40"}],"replies":[{"embeddable":true,"href":"https:\/\/notinor.com\/jujuy\/wp-json\/wp\/v2\/comments?post=285942"}],"version-history":[{"count":1,"href":"https:\/\/notinor.com\/jujuy\/wp-json\/wp\/v2\/posts\/285942\/revisions"}],"predecessor-version":[{"id":285944,"href":"https:\/\/notinor.com\/jujuy\/wp-json\/wp\/v2\/posts\/285942\/revisions\/285944"}],"wp:featuredmedia":[{"embeddable":true,"href":"https:\/\/notinor.com\/jujuy\/wp-json\/wp\/v2\/media\/285943"}],"wp:attachment":[{"href":"https:\/\/notinor.com\/jujuy\/wp-json\/wp\/v2\/media?parent=285942"}],"wp:term":[{"taxonomy":"category","embeddable":true,"href":"https:\/\/notinor.com\/jujuy\/wp-json\/wp\/v2\/categories?post=285942"},{"taxonomy":"post_tag","embeddable":true,"href":"https:\/\/notinor.com\/jujuy\/wp-json\/wp\/v2\/tags?post=285942"}],"curies":[{"name":"wp","href":"https:\/\/api.w.org\/{rel}","templated":true}]}}