{"id":28594,"date":"2015-05-24T04:23:36","date_gmt":"2015-05-24T07:23:36","guid":{"rendered":"http:\/\/notinor.com\/jujuy\/?p=28594"},"modified":"2015-05-24T04:23:36","modified_gmt":"2015-05-24T07:23:36","slug":"programa-de-actos-por-el-aniversario-de-la-revolucion-de-mayo","status":"publish","type":"post","link":"https:\/\/notinor.com\/jujuy\/programa-de-actos-por-el-aniversario-de-la-revolucion-de-mayo\/","title":{"rendered":"Programa de actos por el aniversario de la Revoluci\u00f3n de Mayo"},"content":{"rendered":"<p>Los actos conmemorativos por el 205\u00ba aniversario de la Revoluci\u00f3n de Mayo, 203\u00ba aniversario de la Bendici\u00f3n y Jura de la Bandera y 202\u00ba aniversario de la creaci\u00f3n de la Bandera Nacional de la Libertad Civil, iniciar\u00e1n esta noche a horas 22 con una Funci\u00f3n de Gala en el Teatro Mitre a cargo de la Orquesta Infanto Juvenil. El acto central, tendr\u00e1 lugar el lunes 25 de mayo en el Sal\u00f3n de la Bandera, el Atrio de la Iglesia Catedral y la Plaza General Belgrano, donde se escuchar\u00e1n palabras alusivas y se colocar\u00e1n ofrendas florales.<\/p>\n<p>&nbsp;<\/p>\n<p>De acuerdo al programa oficial, el 25 de mayo la concentraci\u00f3n de las delegaciones participantes se realizar\u00e1 a las 9 horas sobre calle San Mart\u00edn, frente a Casa de Gobierno.<\/p>\n<p>&nbsp;<\/p>\n<p>Estar\u00e1n presentes escuadras del RIM 20; Grupo de Artiller\u00eda de Monta\u00f1a 5; Compa\u00f1\u00eda de Cazadores de Monta\u00f1a 5; Gendarmer\u00eda Nacional; Polic\u00eda Federal Argentina; Servicios Penitenciarios Federales N\u00ba 22 y N\u00ba 8; Polic\u00eda de la provincia; Instituto Superior de Seguridad P\u00fablica; Servicio Penitenciario de Jujuy; Veteranos de Guerra de Malvinas; alumnos de los establecimientos educativos de la provincia;\u00a0 y agrupaciones gauchas.<\/p>\n<p>&nbsp;<\/p>\n<p>Seguidamente, a las 9:15 horas, en el Sal\u00f3n de la Bandera de Casa de Gobierno, se brindar\u00e1n los saludos protocolares a las autoridades provinciales en el d\u00eda patrio.<\/p>\n<p>&nbsp;<\/p>\n<p>A continuaci\u00f3n,\u00a0 en calle San Mart\u00edn, frente a Casa de Gobierno, se realizar\u00e1 la presentaci\u00f3n, revista y Saludo a la Agrupaci\u00f3n 25 de Mayo. Luego se proceder\u00e1 al traslado de autoridades al Atrio de la Iglesia Catedral donde se proceder\u00e1 a la ceremonia de izamiento de la Bandera Nacional y Provincial.<\/p>\n<p>&nbsp;<\/p>\n<p>A las 9:50 horas, se oficiar\u00e1 el solemne Te Deum en la iglesia Catedral.<\/p>\n<p>&nbsp;<\/p>\n<p>Adem\u00e1s, las autoridades se trasladar\u00e1n a la plaza central para rendir homenaje al General Manuel Belgrano, que comenzar\u00e1 a las 10:30, con la colocaci\u00f3n de ofrendas florales, toque de silencio, palabras alusivas y retiro de las banderas de ceremonia.<\/p>\n<p>&nbsp;<\/p>\n<p>En tanto que a horas 11, sobre calle San Mart\u00edn, se llevar\u00e1 a cabo el desfile c\u00edvico militar.<\/p>\n<p>&nbsp;<\/p>\n<p>Por la tarde, a las 18 horas, en el Atrio de la Iglesia Catedral se efectuar\u00e1 la ceremonia de arriar las Banderas Nacional y Provincial.<\/p>\n","protected":false},"excerpt":{"rendered":"<p>Los actos conmemorativos por el 205\u00ba aniversario de la Revoluci\u00f3n de Mayo, 203\u00ba aniversario de la Bendici\u00f3n y Jura de la Bandera y 202\u00ba aniversario de la creaci\u00f3n de la Bandera Nacional de la Libertad Civil, iniciar\u00e1n esta noche a horas 22 con una Funci\u00f3n de Gala en el Teatro Mitre a cargo de la [&hellip;]<\/p>\n","protected":false},"author":1,"featured_media":18945,"comment_status":"open","ping_status":"open","sticky":false,"template":"","format":"standard","meta":{"_stopmodifiedupdate":false,"_modified_date":"","inline_featured_image":false},"categories":[2],"tags":[],"jetpack_featured_media_url":"https:\/\/notinor.com\/jujuy\/wp-content\/uploads\/2015\/03\/las-banderas-argentina-papal-y-de-la-libertad-civil-en-el-salon-de-la-bandera-de-casa-de-gobierno_5286.jpg","_links":{"self":[{"href":"https:\/\/notinor.com\/jujuy\/wp-json\/wp\/v2\/posts\/28594"}],"collection":[{"href":"https:\/\/notinor.com\/jujuy\/wp-json\/wp\/v2\/posts"}],"about":[{"href":"https:\/\/notinor.com\/jujuy\/wp-json\/wp\/v2\/types\/post"}],"author":[{"embeddable":true,"href":"https:\/\/notinor.com\/jujuy\/wp-json\/wp\/v2\/users\/1"}],"replies":[{"embeddable":true,"href":"https:\/\/notinor.com\/jujuy\/wp-json\/wp\/v2\/comments?post=28594"}],"version-history":[{"count":1,"href":"https:\/\/notinor.com\/jujuy\/wp-json\/wp\/v2\/posts\/28594\/revisions"}],"predecessor-version":[{"id":28595,"href":"https:\/\/notinor.com\/jujuy\/wp-json\/wp\/v2\/posts\/28594\/revisions\/28595"}],"wp:featuredmedia":[{"embeddable":true,"href":"https:\/\/notinor.com\/jujuy\/wp-json\/wp\/v2\/media\/18945"}],"wp:attachment":[{"href":"https:\/\/notinor.com\/jujuy\/wp-json\/wp\/v2\/media?parent=28594"}],"wp:term":[{"taxonomy":"category","embeddable":true,"href":"https:\/\/notinor.com\/jujuy\/wp-json\/wp\/v2\/categories?post=28594"},{"taxonomy":"post_tag","embeddable":true,"href":"https:\/\/notinor.com\/jujuy\/wp-json\/wp\/v2\/tags?post=28594"}],"curies":[{"name":"wp","href":"https:\/\/api.w.org\/{rel}","templated":true}]}}