{"id":285898,"date":"2021-01-28T18:08:36","date_gmt":"2021-01-28T21:08:36","guid":{"rendered":"https:\/\/notinor.com\/jujuy\/?p=285898"},"modified":"2021-01-28T18:08:40","modified_gmt":"2021-01-28T21:08:40","slug":"crearan-un-nuevo-centro-de-lactancia-materna-y-banco-de-leche-en-el-hospital-materno-infantil","status":"publish","type":"post","link":"https:\/\/notinor.com\/jujuy\/crearan-un-nuevo-centro-de-lactancia-materna-y-banco-de-leche-en-el-hospital-materno-infantil\/","title":{"rendered":"Crear\u00e1n un nuevo Centro de Lactancia Materna y Banco de Leche en el hospital Materno Infantil"},"content":{"rendered":"\n<p>El objetico es incentivar la lactancia materna y poder contar con un lugar de almacenamiento para los beb\u00e9s que la requieran.<\/p>\n\n\n\n<figure class=\"wp-block-image size-large\"><img decoding=\"async\" loading=\"lazy\" width=\"716\" height=\"480\" src=\"https:\/\/notinor.com\/jujuy\/wp-content\/uploads\/2020\/07\/MATERNO-INF-716x480.jpg\" alt=\"\" class=\"wp-image-252717\" srcset=\"https:\/\/notinor.com\/jujuy\/wp-content\/uploads\/2020\/07\/MATERNO-INF-716x480.jpg 716w, https:\/\/notinor.com\/jujuy\/wp-content\/uploads\/2020\/07\/MATERNO-INF-545x365.jpg 545w, https:\/\/notinor.com\/jujuy\/wp-content\/uploads\/2020\/07\/MATERNO-INF-768x515.jpg 768w, https:\/\/notinor.com\/jujuy\/wp-content\/uploads\/2020\/07\/MATERNO-INF.jpg 1000w\" sizes=\"(max-width: 716px) 100vw, 716px\" \/><\/figure>\n\n\n\n<p>Ayer, el ministro de Salud de la Provincia, <strong>Gustavo Bouhid,<\/strong> visit\u00f3 las instalaciones del hospital <strong>Materno Infantil \"Dr. H\u00e9ctor Quintana\"<\/strong> donde se implementar\u00e1 el nuevo <strong>Centro de Extracci\u00f3n de Lactancia Materna<\/strong>, <strong>adem\u00e1s de un Banco de Leche.<\/strong><\/p>\n\n\n\n<p>\"La finalidad de este centro de extracci\u00f3n de\u00a0lactancia materna\u00a0es reducir la morbi-mortalidad de beb\u00e9s prematuros y reci\u00e9n nacidos que no pueden ser alimentados de manera directa por su mam\u00e1\", expres\u00f3 Bouhid durante un recorrido que realiz\u00f3 junto al equipo especializado de la Direcci\u00f3n de Maternidad e Infancia.<\/p>\n\n\n\n<p>Asimismo, el Ministro se\u00f1al\u00f3 la importancia de \"contar con el Lactario en un lugar m\u00e1s propicio dentro del\u00a0Hospital Materno Infantil\u00a0H\u00e9ctor Quintana, ya que el actual solo cuenta con capacidad para la extracci\u00f3n de dos personas por turno como tambi\u00e9n un espacio acorde al crecimiento poblacional de la Provincia de<strong>\u00a0Jujuy<\/strong>\".<\/p>\n\n\n\n<p>Por su parte, la nutricionista de Maternidad e Infancia,<strong> Florencia Quintana<\/strong>, coment\u00f3 que \"est\u00e1 previsto igualmente un Banco de Leche dentro de la obra, es decir un espacio de almacenamiento de leche materna en condiciones adecuadas con el fin de la donaci\u00f3n y de este modo, podr\u00e1 ser administrada a los beb\u00e9s que la necesiten\".<\/p>\n\n\n\n<p>Por \u00faltimo, resalt\u00f3 que en el \u00e1rea se cumplir\u00e1 tambi\u00e9n con el correspondiente \"examen cl\u00ednico y serol\u00f3gico donde conste que este tejido vivo se encuentra libre de VIH o de enfermedades infecciosas\u201d, concluy\u00f3.<\/p>\n\n\n\n<figure class=\"wp-block-image size-large\"><img decoding=\"async\" src=\"https:\/\/media.prensa.jujuy.gob.ar\/p\/bcd3f01e4f79989159328b15e82de8d2\/adjuntos\/301\/imagenes\/000\/219\/0000219956\/recorrido-hmi.jpg\" alt=\"\"\/><\/figure>\n","protected":false},"excerpt":{"rendered":"<p>El objetico es incentivar la lactancia materna y poder contar con un lugar de almacenamiento para los beb\u00e9s que la requieran. Ayer, el ministro de Salud de la Provincia, Gustavo Bouhid, visit\u00f3 las instalaciones del hospital Materno Infantil \"Dr. H\u00e9ctor Quintana\" donde se implementar\u00e1 el nuevo Centro de Extracci\u00f3n de Lactancia Materna, adem\u00e1s de un [&hellip;]<\/p>\n","protected":false},"author":1,"featured_media":252717,"comment_status":"open","ping_status":"open","sticky":false,"template":"","format":"standard","meta":{"_stopmodifiedupdate":false,"_modified_date":"","inline_featured_image":false,"spay_email":"","jetpack_publicize_message":""},"categories":[2],"tags":[],"jetpack_featured_media_url":"https:\/\/notinor.com\/jujuy\/wp-content\/uploads\/2020\/07\/MATERNO-INF.jpg","jetpack_publicize_connections":[],"_links":{"self":[{"href":"https:\/\/notinor.com\/jujuy\/wp-json\/wp\/v2\/posts\/285898"}],"collection":[{"href":"https:\/\/notinor.com\/jujuy\/wp-json\/wp\/v2\/posts"}],"about":[{"href":"https:\/\/notinor.com\/jujuy\/wp-json\/wp\/v2\/types\/post"}],"author":[{"embeddable":true,"href":"https:\/\/notinor.com\/jujuy\/wp-json\/wp\/v2\/users\/1"}],"replies":[{"embeddable":true,"href":"https:\/\/notinor.com\/jujuy\/wp-json\/wp\/v2\/comments?post=285898"}],"version-history":[{"count":1,"href":"https:\/\/notinor.com\/jujuy\/wp-json\/wp\/v2\/posts\/285898\/revisions"}],"predecessor-version":[{"id":285899,"href":"https:\/\/notinor.com\/jujuy\/wp-json\/wp\/v2\/posts\/285898\/revisions\/285899"}],"wp:featuredmedia":[{"embeddable":true,"href":"https:\/\/notinor.com\/jujuy\/wp-json\/wp\/v2\/media\/252717"}],"wp:attachment":[{"href":"https:\/\/notinor.com\/jujuy\/wp-json\/wp\/v2\/media?parent=285898"}],"wp:term":[{"taxonomy":"category","embeddable":true,"href":"https:\/\/notinor.com\/jujuy\/wp-json\/wp\/v2\/categories?post=285898"},{"taxonomy":"post_tag","embeddable":true,"href":"https:\/\/notinor.com\/jujuy\/wp-json\/wp\/v2\/tags?post=285898"}],"curies":[{"name":"wp","href":"https:\/\/api.w.org\/{rel}","templated":true}]}}