{"id":285888,"date":"2021-01-28T17:09:06","date_gmt":"2021-01-28T20:09:06","guid":{"rendered":"https:\/\/notinor.com\/jujuy\/?p=285888"},"modified":"2021-01-28T17:09:11","modified_gmt":"2021-01-28T20:09:11","slug":"el-gobierno-extenderia-la-etapa-dispo-por-dos-semanas-mas","status":"publish","type":"post","link":"https:\/\/notinor.com\/jujuy\/el-gobierno-extenderia-la-etapa-dispo-por-dos-semanas-mas\/","title":{"rendered":"El Gobierno extender\u00eda la etapa DISPO por dos semanas m\u00e1s"},"content":{"rendered":"\n<p>Este 31 de enero deber\u00eda finalizar la etapa de Distanciamiento Social, Preventivo y Obligatorio implementada por el Gobierno. Sin embargo todo indica que se extender\u00eda dos semanas m\u00e1s.<\/p>\n\n\n\n<figure class=\"wp-block-image size-large\"><img decoding=\"async\" loading=\"lazy\" width=\"787\" height=\"480\" src=\"https:\/\/notinor.com\/jujuy\/wp-content\/uploads\/2021\/01\/alberto-fernandez-787x480.jpg\" alt=\"\" class=\"wp-image-285889\" srcset=\"https:\/\/notinor.com\/jujuy\/wp-content\/uploads\/2021\/01\/alberto-fernandez-787x480.jpg 787w, https:\/\/notinor.com\/jujuy\/wp-content\/uploads\/2021\/01\/alberto-fernandez-598x365.jpg 598w, https:\/\/notinor.com\/jujuy\/wp-content\/uploads\/2021\/01\/alberto-fernandez-768x469.jpg 768w, https:\/\/notinor.com\/jujuy\/wp-content\/uploads\/2021\/01\/alberto-fernandez-750x458.jpg 750w, https:\/\/notinor.com\/jujuy\/wp-content\/uploads\/2021\/01\/alberto-fernandez.jpg 980w\" sizes=\"(max-width: 787px) 100vw, 787px\" \/><\/figure>\n\n\n\n<p>Este domingo 31 de enero deber\u00eda finalizar la etapa de <strong>Distanciamiento Social, Preventivo y Obligatorio (DISPO)<\/strong> implementada por el Gobierno Nacional, sin embargo <strong>todo parece indicar que el presidente Alberto Fern\u00e1ndez anunciar\u00e1 la extensi\u00f3n del DISPO por dos semanas m\u00e1s<\/strong>.<\/p>\n\n\n\n<p>Entre las modificaciones que podr\u00edan aplicarse, las autoridades todav\u00eda analizan permisiones y restricciones aunque est\u00e1 casi definido que <strong>el pr\u00f3ximo per\u00edodo del DISPO tendr\u00e1 en cuenta el regreso presencial a las aulas.<\/strong><\/p>\n\n\n\n<p>De hecho, en\u00a0<strong>Casa Rosada<\/strong>\u00a0se est\u00e1 organizando c\u00f3mo ser\u00e1n los pr\u00f3ximos quince d\u00edas y cu\u00e1les ser\u00e1n las restricciones que continuar\u00e1n en vigencia teniendo en cuenta adem\u00e1s que Argentina inici\u00f3 la campa\u00f1a de inmunizaci\u00f3n contra el coronavirus a finales del a\u00f1o 2020 con la vacuna rusa\u00a0<strong>Sputnik V.\u00a0<\/strong><\/p>\n\n\n\n<p><strong>Hace algunos d\u00edas, el presidente Alberto Fern\u00e1ndez recibi\u00f3 la primera dosis de la cura.\u00a0<\/strong><\/p>\n\n\n\n<p>\u201cHoy recib\u00ed la vacuna Sputnik V. Agradezco al instituto Gamaleya por su labor cient\u00edfica, a quienes trabajaron para que llegue a nosotros y a todo el personal de salud de nuestro pa\u00eds por su enorme compromiso. Vacunarse sirve para ser inmunes frente al coronavirus. Hag\u00e1moslo\u201d, expres\u00f3 el Jefe de Estado en sus redes sociales.<\/p>\n\n\n\n<p>Y agreg\u00f3: \u201cEl personal de salud de nuestro pa\u00eds ha hecho un enorme esfuerzo durante la pandemia y ahora tiene a su cargo la vacunaci\u00f3n de millones de argentinos y argentinas. Por eso nuestro agradecimiento con cada profesional y trabajador de la salud ser\u00e1 eterno\u201d.<\/p>\n","protected":false},"excerpt":{"rendered":"<p>Este 31 de enero deber\u00eda finalizar la etapa de Distanciamiento Social, Preventivo y Obligatorio implementada por el Gobierno. Sin embargo todo indica que se extender\u00eda dos semanas m\u00e1s. Este domingo 31 de enero deber\u00eda finalizar la etapa de Distanciamiento Social, Preventivo y Obligatorio (DISPO) implementada por el Gobierno Nacional, sin embargo todo parece indicar que [&hellip;]<\/p>\n","protected":false},"author":1,"featured_media":285889,"comment_status":"open","ping_status":"open","sticky":false,"template":"","format":"standard","meta":{"_stopmodifiedupdate":false,"_modified_date":"","inline_featured_image":false,"spay_email":"","jetpack_publicize_message":""},"categories":[2,5],"tags":[],"jetpack_featured_media_url":"https:\/\/notinor.com\/jujuy\/wp-content\/uploads\/2021\/01\/alberto-fernandez.jpg","jetpack_publicize_connections":[],"_links":{"self":[{"href":"https:\/\/notinor.com\/jujuy\/wp-json\/wp\/v2\/posts\/285888"}],"collection":[{"href":"https:\/\/notinor.com\/jujuy\/wp-json\/wp\/v2\/posts"}],"about":[{"href":"https:\/\/notinor.com\/jujuy\/wp-json\/wp\/v2\/types\/post"}],"author":[{"embeddable":true,"href":"https:\/\/notinor.com\/jujuy\/wp-json\/wp\/v2\/users\/1"}],"replies":[{"embeddable":true,"href":"https:\/\/notinor.com\/jujuy\/wp-json\/wp\/v2\/comments?post=285888"}],"version-history":[{"count":1,"href":"https:\/\/notinor.com\/jujuy\/wp-json\/wp\/v2\/posts\/285888\/revisions"}],"predecessor-version":[{"id":285890,"href":"https:\/\/notinor.com\/jujuy\/wp-json\/wp\/v2\/posts\/285888\/revisions\/285890"}],"wp:featuredmedia":[{"embeddable":true,"href":"https:\/\/notinor.com\/jujuy\/wp-json\/wp\/v2\/media\/285889"}],"wp:attachment":[{"href":"https:\/\/notinor.com\/jujuy\/wp-json\/wp\/v2\/media?parent=285888"}],"wp:term":[{"taxonomy":"category","embeddable":true,"href":"https:\/\/notinor.com\/jujuy\/wp-json\/wp\/v2\/categories?post=285888"},{"taxonomy":"post_tag","embeddable":true,"href":"https:\/\/notinor.com\/jujuy\/wp-json\/wp\/v2\/tags?post=285888"}],"curies":[{"name":"wp","href":"https:\/\/api.w.org\/{rel}","templated":true}]}}