{"id":285882,"date":"2021-01-28T16:11:38","date_gmt":"2021-01-28T19:11:38","guid":{"rendered":"https:\/\/notinor.com\/jujuy\/?p=285882"},"modified":"2021-01-28T16:11:43","modified_gmt":"2021-01-28T19:11:43","slug":"gerardo-morales-encabezo-el-acto-de-ascenso-de-271-efectivos-policiales","status":"publish","type":"post","link":"https:\/\/notinor.com\/jujuy\/gerardo-morales-encabezo-el-acto-de-ascenso-de-271-efectivos-policiales\/","title":{"rendered":"Gerardo Morales encabez\u00f3 el acto de ascenso de 271 efectivos policiales"},"content":{"rendered":"\n<p>Adem\u00e1s se entregaron seis motoveh\u00edculos para el Comando Azul de la Polic\u00eda de la Provincia.<\/p>\n\n\n\n<figure class=\"wp-block-image size-large\"><img decoding=\"async\" loading=\"lazy\" width=\"840\" height=\"473\" src=\"https:\/\/notinor.com\/jujuy\/wp-content\/uploads\/2021\/01\/Morales-en-acto-policia-840x473.jpeg\" alt=\"\" class=\"wp-image-285883\" srcset=\"https:\/\/notinor.com\/jujuy\/wp-content\/uploads\/2021\/01\/Morales-en-acto-policia-840x473.jpeg 840w, https:\/\/notinor.com\/jujuy\/wp-content\/uploads\/2021\/01\/Morales-en-acto-policia-648x365.jpeg 648w, https:\/\/notinor.com\/jujuy\/wp-content\/uploads\/2021\/01\/Morales-en-acto-policia-768x432.jpeg 768w, https:\/\/notinor.com\/jujuy\/wp-content\/uploads\/2021\/01\/Morales-en-acto-policia-750x422.jpeg 750w, https:\/\/notinor.com\/jujuy\/wp-content\/uploads\/2021\/01\/Morales-en-acto-policia.jpeg 1032w\" sizes=\"(max-width: 840px) 100vw, 840px\" \/><\/figure>\n\n\n\n<p>Hoy en horas de la ma\u00f1ana se llev\u00f3 adelante un importante acto en las instalaciones del Penitenciario N\u00b07 de Alto Comedero. All\u00ed, el gobernador <strong>Gerardo Morales<\/strong> y el ministro de Seguridad, <strong>Guillermo Corro,<\/strong> encabezaron la ceremonia de ascenso de 271 oficiales adem\u00e1s de hacer entrega de 6 motoveh\u00edculos para el Comando Azul de la Polic\u00eda de la Provincia.<\/p>\n\n\n\n<p>La invocaci\u00f3n religiosa previa al acto estuvo a cargo del capell\u00e1n Aldo Ramos, adem\u00e1s de la bendici\u00f3n de las insignias. Inmediatamente luego se procedi\u00f3 a la entrega de las llaves de los rodados 0 kil\u00f3metros al Comando Zona Sur. Asimismo se procedi\u00f3 a entregar las insignias y Decretos Ministeriales al personal policial que ascendi\u00f3 al <strong>grado inmediato superior y subalterno del Servicio Penitenciario de Jujuy.<\/strong><\/p>\n\n\n\n<p>Al respecto, el gobernador <strong>Gerardo Morales<\/strong> destac\u00f3 la importancia de reconocer a los agentes: \"Antes no se realizaba esta ceremonia y desde que asumimos la gesti\u00f3n cada a\u00f1o queremos prestigiar y reconocer la trayectoria del personal policial\u201d.<\/p>\n\n\n\n<p>A su vez, el mandatario resalt\u00f3 el rol fundamental que tiene el Instituto Universitario Provincial de Seguridad de formar al cuerpo de la fuerza para la respectiva jerarquizaci\u00f3n.<\/p>\n\n\n\n<p>En cuanto a la entrega de los motoveh\u00edculos, el Gobernador reafirm\u00f3 la necesidad de \"renovar el equipamiento y modernizarlo permanentemente\", adem\u00e1s expres\u00f3 que los rodados servir\u00e1n para \"prestar servicio al Gran Jujuy, vinculado al programa <strong>'Jujuy Seguro e Interconectado'\", <\/strong>que \"dotar\u00e1 de m\u00e1s herramientas para reforzar el servicio\".<\/p>\n\n\n\n<p>Finalmente, Morales convoc\u00f3 a los juje\u00f1os a mantener la paz. \u201cDebemos seguir en este marco de convivencia y respeto, por lo cual la presencia de la fuerza es fundamental en este desaf\u00edo\u201d, apunt\u00f3.<\/p>\n\n\n\n<p>A su turno, el ministro <strong>Corro <\/strong>se\u00f1al\u00f3 que el ascenso reviste un valioso significado porque \"representa el justo reconocimiento al personal que alcanz\u00f3 el grado inmediato superior\".<\/p>\n\n\n\n<p>Adem\u00e1s, sostuvo que alcanzar un nuevo grado en la carrera no es tarea f\u00e1cil. \u201cSon variadas y complejas las pruebas que la funci\u00f3n les impone, por eso alcanzar este grado implica nuevas responsabilidades en pos de un crecimiento individual pero tambi\u00e9n organizacional\u201d, acot\u00f3.<\/p>\n\n\n\n<p>Por \u00faltimo, Corro mencion\u00f3 que el nuevo equipamiento para la polic\u00eda permite reforzar el trabajo del Comando de Seguridad y Prevenci\u00f3n Ciudadana en la zona de Alto Comedero, Palpal\u00e1 y capital.<\/p>\n\n\n\n<p>En el acto, tambi\u00e9n el Secretario de Seguridad P\u00fablica, Diego Su\u00e1rez; el Secretario de Seguridad Vial, Alejandro Marenco; el Jefe del Regimiento de Infanter\u00eda de Monta\u00f1a 20 \u201cCazadores de Los Andes\u201d Teniente Coronel de Infanter\u00eda, Hern\u00e1n Aoki; el Jefe y Sub Jefe del Servicio Penitenciario de Jujuy; los Inspectores Generales Ariel Hern\u00e1n Cari y Rolando Guti\u00e9rrez, respectivamente, as\u00ed como el Jefe de la Polic\u00eda de la Provincia, Comisario General V\u00edctor Horacio Herbas Mej\u00edas.<\/p>\n\n\n\n<figure class=\"wp-block-embed-youtube wp-block-embed is-type-video is-provider-youtube wp-embed-aspect-16-9 wp-has-aspect-ratio\"><div class=\"wp-block-embed__wrapper\">\n<div class=\"jeg_video_container jeg_video_content\"><iframe loading=\"lazy\" title=\"Ascensos del personal penitenciario y entrega de motos a la Polic\u00eda\" width=\"500\" height=\"281\" src=\"https:\/\/www.youtube.com\/embed\/ZctHHSXve_g?feature=oembed\" frameborder=\"0\" allow=\"accelerometer; autoplay; clipboard-write; encrypted-media; gyroscope; picture-in-picture\" allowfullscreen><\/iframe><\/div>\n<\/div><\/figure>\n","protected":false},"excerpt":{"rendered":"<p>Adem\u00e1s se entregaron seis motoveh\u00edculos para el Comando Azul de la Polic\u00eda de la Provincia. Hoy en horas de la ma\u00f1ana se llev\u00f3 adelante un importante acto en las instalaciones del Penitenciario N\u00b07 de Alto Comedero. All\u00ed, el gobernador Gerardo Morales y el ministro de Seguridad, Guillermo Corro, encabezaron la ceremonia de ascenso de 271 [&hellip;]<\/p>\n","protected":false},"author":1,"featured_media":285883,"comment_status":"open","ping_status":"open","sticky":false,"template":"","format":"standard","meta":{"_stopmodifiedupdate":false,"_modified_date":"","inline_featured_image":false,"spay_email":"","jetpack_publicize_message":""},"categories":[2],"tags":[],"jetpack_featured_media_url":"https:\/\/notinor.com\/jujuy\/wp-content\/uploads\/2021\/01\/Morales-en-acto-policia.jpeg","jetpack_publicize_connections":[],"_links":{"self":[{"href":"https:\/\/notinor.com\/jujuy\/wp-json\/wp\/v2\/posts\/285882"}],"collection":[{"href":"https:\/\/notinor.com\/jujuy\/wp-json\/wp\/v2\/posts"}],"about":[{"href":"https:\/\/notinor.com\/jujuy\/wp-json\/wp\/v2\/types\/post"}],"author":[{"embeddable":true,"href":"https:\/\/notinor.com\/jujuy\/wp-json\/wp\/v2\/users\/1"}],"replies":[{"embeddable":true,"href":"https:\/\/notinor.com\/jujuy\/wp-json\/wp\/v2\/comments?post=285882"}],"version-history":[{"count":1,"href":"https:\/\/notinor.com\/jujuy\/wp-json\/wp\/v2\/posts\/285882\/revisions"}],"predecessor-version":[{"id":285884,"href":"https:\/\/notinor.com\/jujuy\/wp-json\/wp\/v2\/posts\/285882\/revisions\/285884"}],"wp:featuredmedia":[{"embeddable":true,"href":"https:\/\/notinor.com\/jujuy\/wp-json\/wp\/v2\/media\/285883"}],"wp:attachment":[{"href":"https:\/\/notinor.com\/jujuy\/wp-json\/wp\/v2\/media?parent=285882"}],"wp:term":[{"taxonomy":"category","embeddable":true,"href":"https:\/\/notinor.com\/jujuy\/wp-json\/wp\/v2\/categories?post=285882"},{"taxonomy":"post_tag","embeddable":true,"href":"https:\/\/notinor.com\/jujuy\/wp-json\/wp\/v2\/tags?post=285882"}],"curies":[{"name":"wp","href":"https:\/\/api.w.org\/{rel}","templated":true}]}}