{"id":285819,"date":"2021-01-28T10:20:59","date_gmt":"2021-01-28T13:20:59","guid":{"rendered":"https:\/\/notinor.com\/jujuy\/?p=285819"},"modified":"2021-01-28T10:21:03","modified_gmt":"2021-01-28T13:21:03","slug":"accidente-en-avenida-savio-un-auto-colisiono-con-un-camion-distribuidor","status":"publish","type":"post","link":"https:\/\/notinor.com\/jujuy\/accidente-en-avenida-savio-un-auto-colisiono-con-un-camion-distribuidor\/","title":{"rendered":"Accidente en Avenida Savio: un auto colision\u00f3 con un cami\u00f3n distribuidor"},"content":{"rendered":"\n<p>Sucedi\u00f3 esta ma\u00f1ana en la capital juje\u00f1a, el conductor no vio al cami\u00f3n y lo impact\u00f3 de lleno.<\/p>\n\n\n\n<figure class=\"wp-block-image size-large\"><img decoding=\"async\" loading=\"lazy\" width=\"840\" height=\"473\" src=\"https:\/\/notinor.com\/jujuy\/wp-content\/uploads\/2021\/01\/Screenshot_20210128-100342_Facebook-840x473.jpg\" alt=\"\" class=\"wp-image-285820\" srcset=\"https:\/\/notinor.com\/jujuy\/wp-content\/uploads\/2021\/01\/Screenshot_20210128-100342_Facebook-840x473.jpg 840w, https:\/\/notinor.com\/jujuy\/wp-content\/uploads\/2021\/01\/Screenshot_20210128-100342_Facebook-649x365.jpg 649w, https:\/\/notinor.com\/jujuy\/wp-content\/uploads\/2021\/01\/Screenshot_20210128-100342_Facebook-768x432.jpg 768w, https:\/\/notinor.com\/jujuy\/wp-content\/uploads\/2021\/01\/Screenshot_20210128-100342_Facebook-1536x864.jpg 1536w, https:\/\/notinor.com\/jujuy\/wp-content\/uploads\/2021\/01\/Screenshot_20210128-100342_Facebook-750x422.jpg 750w, https:\/\/notinor.com\/jujuy\/wp-content\/uploads\/2021\/01\/Screenshot_20210128-100342_Facebook-1140x641.jpg 1140w, https:\/\/notinor.com\/jujuy\/wp-content\/uploads\/2021\/01\/Screenshot_20210128-100342_Facebook-rotated.jpg 1920w\" sizes=\"(max-width: 840px) 100vw, 840px\" \/><\/figure>\n\n\n\n<p>Un nuevo siniestro vial tuvo lugar en San Salvador de Jujuy, un autom\u00f3vil impact\u00f3 de lleno con una cami\u00f3n distribuidor de aguas y sodas en plena avenida General Savio.<\/p>\n\n\n\n<p>El incidente se produjo en horas de la ma\u00f1ana, entre las 9:30 y las 10, cuando un autom\u00f3vil Renault Clio color rojo aparentemente se encontr\u00f3 \"cercado\" por un colectivo, lo que lo oblig\u00f3 a orillarse contra el guardarra\u00edl derecho. Lo que el joven conductor no se percat\u00f3 es que en ese lugar se hallaba estacionado un cami\u00f3n de reparto de aguas y sodas, que debi\u00f3 interrumpir su marcha por desperfectos t\u00e9cnicos con el rodado.<\/p>\n\n\n\n<p>Entonces, el autom\u00f3vil impact\u00f3 de lleno con el cami\u00f3n estacionado en la avenida General Savio, a la altura del patin\u00f3dromo del barrio Coronel Arias. <\/p>\n\n\n\n<p>El sector derecho del rodado rojo qued\u00f3 destrozado, afortunadamente el joven conductor viajaba solo y no hubo que lamentar p\u00e9rdidas humanas.<\/p>\n\n\n\n<p>Se recomienda a los conductores transitar con sumo cuidado por la zona.<\/p>\n\n\n\n<p><em>Fuente: El Tribuno de Jujuy<\/em><\/p>\n\n\n\n<figure class=\"wp-block-image size-large\"><img decoding=\"async\" loading=\"lazy\" width=\"840\" height=\"473\" src=\"https:\/\/notinor.com\/jujuy\/wp-content\/uploads\/2021\/01\/Screenshot_20210128-100447_Facebook-840x473.jpg\" alt=\"\" class=\"wp-image-285821\" srcset=\"https:\/\/notinor.com\/jujuy\/wp-content\/uploads\/2021\/01\/Screenshot_20210128-100447_Facebook-840x473.jpg 840w, https:\/\/notinor.com\/jujuy\/wp-content\/uploads\/2021\/01\/Screenshot_20210128-100447_Facebook-649x365.jpg 649w, https:\/\/notinor.com\/jujuy\/wp-content\/uploads\/2021\/01\/Screenshot_20210128-100447_Facebook-768x432.jpg 768w, https:\/\/notinor.com\/jujuy\/wp-content\/uploads\/2021\/01\/Screenshot_20210128-100447_Facebook-1536x864.jpg 1536w, https:\/\/notinor.com\/jujuy\/wp-content\/uploads\/2021\/01\/Screenshot_20210128-100447_Facebook-750x422.jpg 750w, https:\/\/notinor.com\/jujuy\/wp-content\/uploads\/2021\/01\/Screenshot_20210128-100447_Facebook-1140x641.jpg 1140w, https:\/\/notinor.com\/jujuy\/wp-content\/uploads\/2021\/01\/Screenshot_20210128-100447_Facebook-rotated.jpg 1920w\" sizes=\"(max-width: 840px) 100vw, 840px\" \/><\/figure>\n\n\n\n<p><\/p>\n","protected":false},"excerpt":{"rendered":"<p>Sucedi\u00f3 esta ma\u00f1ana en la capital juje\u00f1a, el conductor no vio al cami\u00f3n y lo impact\u00f3 de lleno. Un nuevo siniestro vial tuvo lugar en San Salvador de Jujuy, un autom\u00f3vil impact\u00f3 de lleno con una cami\u00f3n distribuidor de aguas y sodas en plena avenida General Savio. El incidente se produjo en horas de la [&hellip;]<\/p>\n","protected":false},"author":1,"featured_media":0,"comment_status":"open","ping_status":"open","sticky":false,"template":"","format":"standard","meta":{"_stopmodifiedupdate":false,"_modified_date":"","inline_featured_image":false,"spay_email":"","jetpack_publicize_message":""},"categories":[2,514,3],"tags":[],"jetpack_featured_media_url":"","jetpack_publicize_connections":[],"_links":{"self":[{"href":"https:\/\/notinor.com\/jujuy\/wp-json\/wp\/v2\/posts\/285819"}],"collection":[{"href":"https:\/\/notinor.com\/jujuy\/wp-json\/wp\/v2\/posts"}],"about":[{"href":"https:\/\/notinor.com\/jujuy\/wp-json\/wp\/v2\/types\/post"}],"author":[{"embeddable":true,"href":"https:\/\/notinor.com\/jujuy\/wp-json\/wp\/v2\/users\/1"}],"replies":[{"embeddable":true,"href":"https:\/\/notinor.com\/jujuy\/wp-json\/wp\/v2\/comments?post=285819"}],"version-history":[{"count":1,"href":"https:\/\/notinor.com\/jujuy\/wp-json\/wp\/v2\/posts\/285819\/revisions"}],"predecessor-version":[{"id":285822,"href":"https:\/\/notinor.com\/jujuy\/wp-json\/wp\/v2\/posts\/285819\/revisions\/285822"}],"wp:attachment":[{"href":"https:\/\/notinor.com\/jujuy\/wp-json\/wp\/v2\/media?parent=285819"}],"wp:term":[{"taxonomy":"category","embeddable":true,"href":"https:\/\/notinor.com\/jujuy\/wp-json\/wp\/v2\/categories?post=285819"},{"taxonomy":"post_tag","embeddable":true,"href":"https:\/\/notinor.com\/jujuy\/wp-json\/wp\/v2\/tags?post=285819"}],"curies":[{"name":"wp","href":"https:\/\/api.w.org\/{rel}","templated":true}]}}