{"id":285815,"date":"2021-01-27T20:56:03","date_gmt":"2021-01-27T23:56:03","guid":{"rendered":"https:\/\/notinor.com\/jujuy\/?p=285815"},"modified":"2021-01-27T20:56:08","modified_gmt":"2021-01-27T23:56:08","slug":"jujuy-registraron-49-nuevos-casos-de-coronavirus","status":"publish","type":"post","link":"https:\/\/notinor.com\/jujuy\/jujuy-registraron-49-nuevos-casos-de-coronavirus\/","title":{"rendered":"Jujuy: registraron 49 nuevos casos de coronavirus"},"content":{"rendered":"\n<p>Adem\u00e1s recibieron el alta m\u00e9dica 12 pacientes. Jujuy mantiene 583 casos activos. <\/p>\n\n\n\n<figure class=\"wp-block-image size-large\"><img decoding=\"async\" loading=\"lazy\" width=\"719\" height=\"480\" src=\"https:\/\/notinor.com\/jujuy\/wp-content\/uploads\/2021\/01\/FB_IMG_1610854929509-2-719x480.jpg\" alt=\"\" class=\"wp-image-285816\" srcset=\"https:\/\/notinor.com\/jujuy\/wp-content\/uploads\/2021\/01\/FB_IMG_1610854929509-2-719x480.jpg 719w, https:\/\/notinor.com\/jujuy\/wp-content\/uploads\/2021\/01\/FB_IMG_1610854929509-2-547x365.jpg 547w, https:\/\/notinor.com\/jujuy\/wp-content\/uploads\/2021\/01\/FB_IMG_1610854929509-2-768x513.jpg 768w, https:\/\/notinor.com\/jujuy\/wp-content\/uploads\/2021\/01\/FB_IMG_1610854929509-2-750x501.jpg 750w, https:\/\/notinor.com\/jujuy\/wp-content\/uploads\/2021\/01\/FB_IMG_1610854929509-2.jpg 960w\" sizes=\"(max-width: 719px) 100vw, 719px\" \/><\/figure>\n\n\n\n<p>Desde la Subdirecci\u00f3n de Epidemiolog\u00eda informaron en su Reporte diario que hoy se confirmaron 49 nuevos casos de COVID-19 en Jujuy. Adem\u00e1s, recibieron el Alta M\u00e9dica 12 pacientes y afortunadamente no se registraron fallecimientos. <\/p>\n\n\n\n<p><strong>Detalle de casos positivos seg\u00fan localidad:<\/strong><\/p>\n\n\n\n<p>San Salvador de Jujuy 21<br>La Quiaca 20<br>Libertador General San Martin 1<br>Lozano 1<br>Palpal\u00e1 1<br>En Averiguaci\u00f3n 5<\/p>\n\n\n\n<p><strong><em>Relacionado: <a href=\"https:\/\/notinor.com\/jujuy\/coronavirus-asi-estan-distribuidos-los-casos-por-barrio-en-san-salvador-de-jujuy\/\">Coronavirus | As\u00ed est\u00e1n distribuidos los casos por barrio en San Salvador de Jujuy<\/a><\/em><\/strong><\/p>\n\n\n\n<p><strong>Estado de situaci\u00f3n desde el inicio de la pandemia:<\/strong><\/p>\n\n\n\n<p>Hasta el momento se realizaron 61.191 tests PCR en toda la provincia, arrojando un total de 19.191casos positivos. Se recuperaron de la enfermedad 17.737. Fallecieron 871 personas.<\/p>\n","protected":false},"excerpt":{"rendered":"<p>Adem\u00e1s recibieron el alta m\u00e9dica 12 pacientes. Jujuy mantiene 583 casos activos. Desde la Subdirecci\u00f3n de Epidemiolog\u00eda informaron en su Reporte diario que hoy se confirmaron 49 nuevos casos de COVID-19 en Jujuy. Adem\u00e1s, recibieron el Alta M\u00e9dica 12 pacientes y afortunadamente no se registraron fallecimientos. Detalle de casos positivos seg\u00fan localidad: San Salvador de [&hellip;]<\/p>\n","protected":false},"author":1,"featured_media":285816,"comment_status":"open","ping_status":"open","sticky":false,"template":"","format":"standard","meta":{"_stopmodifiedupdate":false,"_modified_date":"","inline_featured_image":false,"spay_email":"","jetpack_publicize_message":""},"categories":[2],"tags":[],"jetpack_featured_media_url":"https:\/\/notinor.com\/jujuy\/wp-content\/uploads\/2021\/01\/FB_IMG_1610854929509-2.jpg","jetpack_publicize_connections":[],"_links":{"self":[{"href":"https:\/\/notinor.com\/jujuy\/wp-json\/wp\/v2\/posts\/285815"}],"collection":[{"href":"https:\/\/notinor.com\/jujuy\/wp-json\/wp\/v2\/posts"}],"about":[{"href":"https:\/\/notinor.com\/jujuy\/wp-json\/wp\/v2\/types\/post"}],"author":[{"embeddable":true,"href":"https:\/\/notinor.com\/jujuy\/wp-json\/wp\/v2\/users\/1"}],"replies":[{"embeddable":true,"href":"https:\/\/notinor.com\/jujuy\/wp-json\/wp\/v2\/comments?post=285815"}],"version-history":[{"count":1,"href":"https:\/\/notinor.com\/jujuy\/wp-json\/wp\/v2\/posts\/285815\/revisions"}],"predecessor-version":[{"id":285817,"href":"https:\/\/notinor.com\/jujuy\/wp-json\/wp\/v2\/posts\/285815\/revisions\/285817"}],"wp:featuredmedia":[{"embeddable":true,"href":"https:\/\/notinor.com\/jujuy\/wp-json\/wp\/v2\/media\/285816"}],"wp:attachment":[{"href":"https:\/\/notinor.com\/jujuy\/wp-json\/wp\/v2\/media?parent=285815"}],"wp:term":[{"taxonomy":"category","embeddable":true,"href":"https:\/\/notinor.com\/jujuy\/wp-json\/wp\/v2\/categories?post=285815"},{"taxonomy":"post_tag","embeddable":true,"href":"https:\/\/notinor.com\/jujuy\/wp-json\/wp\/v2\/tags?post=285815"}],"curies":[{"name":"wp","href":"https:\/\/api.w.org\/{rel}","templated":true}]}}