{"id":285253,"date":"2021-01-20T14:37:35","date_gmt":"2021-01-20T17:37:35","guid":{"rendered":"https:\/\/notinor.com\/jujuy\/?p=285253"},"modified":"2021-01-20T14:37:39","modified_gmt":"2021-01-20T17:37:39","slug":"gerardo-morales-participo-de-una-reunion-con-alberto-fernandez","status":"publish","type":"post","link":"https:\/\/notinor.com\/jujuy\/gerardo-morales-participo-de-una-reunion-con-alberto-fernandez\/","title":{"rendered":"Gerardo Morales particip\u00f3 de una reuni\u00f3n con Alberto Fern\u00e1ndez"},"content":{"rendered":"\n<p>Fue en el marco del <strong>Consejo Norte Grande<\/strong>, el Gobernador solicit\u00f3 precio de combustible equivalente en el pa\u00eds, y subsidio al transporte de pasajeros\u00a0entre otros pedidos.<\/p>\n\n\n\n<figure class=\"wp-block-image size-large\"><img decoding=\"async\" loading=\"lazy\" width=\"720\" height=\"480\" src=\"https:\/\/notinor.com\/jujuy\/wp-content\/uploads\/2021\/01\/morales-en-acto-con-alberto-720x480.jpeg\" alt=\"\" class=\"wp-image-285254\" srcset=\"https:\/\/notinor.com\/jujuy\/wp-content\/uploads\/2021\/01\/morales-en-acto-con-alberto-720x480.jpeg 720w, https:\/\/notinor.com\/jujuy\/wp-content\/uploads\/2021\/01\/morales-en-acto-con-alberto-547x365.jpeg 547w, https:\/\/notinor.com\/jujuy\/wp-content\/uploads\/2021\/01\/morales-en-acto-con-alberto-768x512.jpeg 768w, https:\/\/notinor.com\/jujuy\/wp-content\/uploads\/2021\/01\/morales-en-acto-con-alberto-750x500.jpeg 750w, https:\/\/notinor.com\/jujuy\/wp-content\/uploads\/2021\/01\/morales-en-acto-con-alberto.jpeg 1012w\" sizes=\"(max-width: 720px) 100vw, 720px\" \/><\/figure>\n\n\n\n<p>Hoy, en horas de la ma\u00f1ana, el gobernador <strong>Gerardo Morales particip\u00f3 de la reuni\u00f3n del Consejo del Norte Grande, donde estuvo presente el presidente Alberto Fern\u00e1ndez y dem\u00e1s gobernadores norte\u00f1os.<\/strong><\/p>\n\n\n\n<p>La reuni\u00f3n se llev\u00f3 adelante en La Rioja con los gobernadores que conforman el Consejo del Norte Grande (NOA\u2013NEA) y el presidente Alberto Fern\u00e1ndez, a los fines de fortalecer la institucionalidad de la agenda de temas y objetivos comunes y prioritarios de la regi\u00f3n.<\/p>\n\n\n\n<p>El gobernador<strong> Morales solicit\u00f3<\/strong> tarifa plana de gas para todo el pa\u00eds, fondos especiales para obras energ\u00e9ticas, precio diferencial de energ\u00eda, precio de combustible equivalente en el pa\u00eds, subsidio al transporte de pasajeros y eliminaci\u00f3n de retenciones a productos semi industrializados, como el tabaco.<\/p>\n\n\n\n<p>Estuvieron presentes, adem\u00e1s del mencionado mandatario juje\u00f1o, los gobernadores de Catamarca, Ra\u00fal Jalil; de Chaco, Jorge Capitanich; de Corrientes, Gustavo Vald\u00e9s; de Formosa, Gildo Insfr\u00e1n; de La Rioja, Ricardo Quintela; de Salta, Gustavo Saenz; y de Tucum\u00e1n, Juan Manzur.<\/p>\n\n\n\n<p>A los nombrados, se sumaron los vicegobernadores de Misiones, Carlos Arce; y de Santiago del Estero, Jos\u00e9 Emilio Neder; y la vicegobernadora de La Rioja, Florencia L\u00f3pez.<\/p>\n\n\n\n<p>Tambi\u00e9n estuvieron el jefe de Gabinete, Santiago Cafiero; los ministros del Interior, Eduardo de Pedro; y de Defensa, Agust\u00edn Rossi; y el titular del Consejo Federal de Inversiones, Ignacio Lamothe.<\/p>\n\n\n\n<p><strong>Del amplio temario desarrollado, se destacaron los ejes que a continuaci\u00f3n se consigna:<\/strong><\/p>\n\n\n\n<ul><li>Tarifa plana de gas para todo el pa\u00eds.<\/li><\/ul>\n\n\n\n<ul><li>Asignaci\u00f3n de fondos especiales para obras en materia energ\u00e9tica.<\/li><\/ul>\n\n\n\n<ul><li>Precio\u00a0diferencial de energ\u00eda para los per\u00edodos de alta temperatura.<\/li><\/ul>\n\n\n\n<ul><li>Precio de combustible equivalente en el pa\u00eds.<\/li><\/ul>\n\n\n\n<ul><li>Subsidio al transporte p\u00fablico de pasajeros.<\/li><\/ul>\n\n\n\n<ul><li>Aprobaci\u00f3n en 120 d\u00edas de un plan de financiamiento por 30.000 millones de d\u00f3lares con ley del Congreso.<\/li><\/ul>\n\n\n\n<ul><li>Construcci\u00f3n de viviendas y mejoramientos habitacionales.<\/li><\/ul>\n\n\n\n<ul><li>Refinanciaci\u00f3n de deudas por cr\u00e9ditos otorgados por Naci\u00f3n a provincias.<\/li><\/ul>\n\n\n\n<ul><li>Eliminaci\u00f3n de las retenciones a productos semi industrializados.<\/li><\/ul>\n\n\n\n<ul><li>Ley de ratificaci\u00f3n de creaci\u00f3n de la regi\u00f3n.<\/li><\/ul>\n\n\n\n<p><\/p>\n","protected":false},"excerpt":{"rendered":"<p>Fue en el marco del Consejo Norte Grande, el Gobernador solicit\u00f3 precio de combustible equivalente en el pa\u00eds, y subsidio al transporte de pasajeros\u00a0entre otros pedidos. Hoy, en horas de la ma\u00f1ana, el gobernador Gerardo Morales particip\u00f3 de la reuni\u00f3n del Consejo del Norte Grande, donde estuvo presente el presidente Alberto Fern\u00e1ndez y dem\u00e1s gobernadores [&hellip;]<\/p>\n","protected":false},"author":1,"featured_media":285254,"comment_status":"open","ping_status":"open","sticky":false,"template":"","format":"standard","meta":{"_stopmodifiedupdate":false,"_modified_date":"","inline_featured_image":false,"spay_email":"","jetpack_publicize_message":""},"categories":[2,5,501],"tags":[],"jetpack_featured_media_url":"https:\/\/notinor.com\/jujuy\/wp-content\/uploads\/2021\/01\/morales-en-acto-con-alberto.jpeg","jetpack_publicize_connections":[],"_links":{"self":[{"href":"https:\/\/notinor.com\/jujuy\/wp-json\/wp\/v2\/posts\/285253"}],"collection":[{"href":"https:\/\/notinor.com\/jujuy\/wp-json\/wp\/v2\/posts"}],"about":[{"href":"https:\/\/notinor.com\/jujuy\/wp-json\/wp\/v2\/types\/post"}],"author":[{"embeddable":true,"href":"https:\/\/notinor.com\/jujuy\/wp-json\/wp\/v2\/users\/1"}],"replies":[{"embeddable":true,"href":"https:\/\/notinor.com\/jujuy\/wp-json\/wp\/v2\/comments?post=285253"}],"version-history":[{"count":1,"href":"https:\/\/notinor.com\/jujuy\/wp-json\/wp\/v2\/posts\/285253\/revisions"}],"predecessor-version":[{"id":285255,"href":"https:\/\/notinor.com\/jujuy\/wp-json\/wp\/v2\/posts\/285253\/revisions\/285255"}],"wp:featuredmedia":[{"embeddable":true,"href":"https:\/\/notinor.com\/jujuy\/wp-json\/wp\/v2\/media\/285254"}],"wp:attachment":[{"href":"https:\/\/notinor.com\/jujuy\/wp-json\/wp\/v2\/media?parent=285253"}],"wp:term":[{"taxonomy":"category","embeddable":true,"href":"https:\/\/notinor.com\/jujuy\/wp-json\/wp\/v2\/categories?post=285253"},{"taxonomy":"post_tag","embeddable":true,"href":"https:\/\/notinor.com\/jujuy\/wp-json\/wp\/v2\/tags?post=285253"}],"curies":[{"name":"wp","href":"https:\/\/api.w.org\/{rel}","templated":true}]}}