{"id":285249,"date":"2021-01-20T14:25:12","date_gmt":"2021-01-20T17:25:12","guid":{"rendered":"https:\/\/notinor.com\/jujuy\/?p=285249"},"modified":"2021-01-20T14:25:14","modified_gmt":"2021-01-20T17:25:14","slug":"joe-biden-asumio-como-presidente-de-estados-unidos","status":"publish","type":"post","link":"https:\/\/notinor.com\/jujuy\/joe-biden-asumio-como-presidente-de-estados-unidos\/","title":{"rendered":"Joe Biden asumi\u00f3 como presidente de Estados Unidos"},"content":{"rendered":"\n<p>Donald Trump se neg\u00f3 a participar del acto de asunci\u00f3n del dem\u00f3crata. Biden se convirti\u00f3 en el presidente n\u00famero 46 del pa\u00eds norteamericano.<\/p>\n\n\n\n<figure class=\"wp-block-image size-large\"><img decoding=\"async\" loading=\"lazy\" width=\"800\" height=\"450\" src=\"https:\/\/notinor.com\/jujuy\/wp-content\/uploads\/2021\/01\/biden-juramento.jpg\" alt=\"\" class=\"wp-image-285250\" srcset=\"https:\/\/notinor.com\/jujuy\/wp-content\/uploads\/2021\/01\/biden-juramento.jpg 800w, https:\/\/notinor.com\/jujuy\/wp-content\/uploads\/2021\/01\/biden-juramento-649x365.jpg 649w, https:\/\/notinor.com\/jujuy\/wp-content\/uploads\/2021\/01\/biden-juramento-500x280.jpg 500w, https:\/\/notinor.com\/jujuy\/wp-content\/uploads\/2021\/01\/biden-juramento-768x432.jpg 768w, https:\/\/notinor.com\/jujuy\/wp-content\/uploads\/2021\/01\/biden-juramento-750x422.jpg 750w\" sizes=\"(max-width: 800px) 100vw, 800px\" \/><\/figure>\n\n\n\n<p>Tras realizar su juramento en Washington, Joseph Biden se convirti\u00f3 en el presidente n\u00famero 46 de los Estados Unidos de Am\u00e9rica. En una ceremonia emotiva, el dem\u00f3crata asumi\u00f3 el cargo para reemplazar a Donald Trump, quien abandon\u00f3 la capital esta ma\u00f1ana rumbo a Florida, neg\u00e1ndose a asistir al traspaso del mando.<\/p>\n\n\n\n<p>\u00abLa voluntad del pueblo se ha escuchado. La democracia ha prevalecido. Esta es una gran naci\u00f3n, podemos hacer grandes cosas\u00bb, expres\u00f3 el flamante presidente norteamericano.<\/p>\n\n\n\n<p>Minutos antes, Kamala Harris realizaba su juramento para convertirse en la primera vicepresidenta de color en la historia estadounidense. Jur\u00f3 ante la jueza Sonia Sotamayor, de origen latino, y quien hab\u00eda sido nombrada como miembro de la Corte por Barack Obama, quien estuvo presente en la ceremonia.<\/p>\n\n\n\n<p>Acompa\u00f1ado por su esposa Jill, Biden se mostr\u00f3 conmovido al momento de la asunci\u00f3n. \u00abEste es un momento hist\u00f3rico. Volvamos a escucharnos los unos a los otros. Volvamos a respetarnos. La pol\u00edtica no tiene que ser incendiaria\u00bb, se\u00f1al\u00f3 en su discurso.<\/p>\n\n\n\n<p>\u00abLe pido a los que tienen miedo y a los que no conf\u00edan en m\u00ed que me eval\u00faen por lo que har\u00e9. Y si siguen sin creer en m\u00ed, est\u00e1 bien, eso es la democracia. Vamos a dejar un mundo mejor para nuestros hijos\u00bb, sostuvo. \u00abSuperaremos la pandemia y saldremos fortalecidos. En mi primer acto como presidente, quiero pedir un momento de silencio por los m\u00e1s de 400.000 estadounidenses que perdimos\u00bb, continu\u00f3.<\/p>\n\n\n\n<p>Como parte de la ceremonia, Lady Gaga cant\u00f3 el himno estadounidense y Jennifer L\u00f3pez cant\u00f3 una canci\u00f3n antes del discurso inaugural de Biden. Continuar\u00e1 con performances de Bon Jovi y Justin Timberlake, entre otros artistas de renombre.<\/p>\n\n\n\n<figure class=\"wp-block-embed-youtube wp-block-embed is-type-video is-provider-youtube wp-embed-aspect-16-9 wp-has-aspect-ratio\"><div class=\"wp-block-embed__wrapper\">\n<div class=\"jeg_video_container jeg_video_content\"><iframe loading=\"lazy\" title=\"En vivo y en espa\u00f1ol: Toma de posesi\u00f3n de Joe Biden\" width=\"500\" height=\"281\" src=\"https:\/\/www.youtube.com\/embed\/feqKMJ9wSN8?feature=oembed\" frameborder=\"0\" allow=\"accelerometer; autoplay; clipboard-write; encrypted-media; gyroscope; picture-in-picture\" allowfullscreen><\/iframe><\/div>\n<\/div><\/figure>\n","protected":false},"excerpt":{"rendered":"<p>Donald Trump se neg\u00f3 a participar del acto de asunci\u00f3n del dem\u00f3crata. Biden se convirti\u00f3 en el presidente n\u00famero 46 del pa\u00eds norteamericano. Tras realizar su juramento en Washington, Joseph Biden se convirti\u00f3 en el presidente n\u00famero 46 de los Estados Unidos de Am\u00e9rica. En una ceremonia emotiva, el dem\u00f3crata asumi\u00f3 el cargo para reemplazar [&hellip;]<\/p>\n","protected":false},"author":1,"featured_media":285250,"comment_status":"open","ping_status":"open","sticky":false,"template":"","format":"standard","meta":{"_stopmodifiedupdate":false,"_modified_date":"","inline_featured_image":false,"spay_email":"","jetpack_publicize_message":""},"categories":[6],"tags":[],"jetpack_featured_media_url":"https:\/\/notinor.com\/jujuy\/wp-content\/uploads\/2021\/01\/biden-juramento.jpg","jetpack_publicize_connections":[],"_links":{"self":[{"href":"https:\/\/notinor.com\/jujuy\/wp-json\/wp\/v2\/posts\/285249"}],"collection":[{"href":"https:\/\/notinor.com\/jujuy\/wp-json\/wp\/v2\/posts"}],"about":[{"href":"https:\/\/notinor.com\/jujuy\/wp-json\/wp\/v2\/types\/post"}],"author":[{"embeddable":true,"href":"https:\/\/notinor.com\/jujuy\/wp-json\/wp\/v2\/users\/1"}],"replies":[{"embeddable":true,"href":"https:\/\/notinor.com\/jujuy\/wp-json\/wp\/v2\/comments?post=285249"}],"version-history":[{"count":1,"href":"https:\/\/notinor.com\/jujuy\/wp-json\/wp\/v2\/posts\/285249\/revisions"}],"predecessor-version":[{"id":285251,"href":"https:\/\/notinor.com\/jujuy\/wp-json\/wp\/v2\/posts\/285249\/revisions\/285251"}],"wp:featuredmedia":[{"embeddable":true,"href":"https:\/\/notinor.com\/jujuy\/wp-json\/wp\/v2\/media\/285250"}],"wp:attachment":[{"href":"https:\/\/notinor.com\/jujuy\/wp-json\/wp\/v2\/media?parent=285249"}],"wp:term":[{"taxonomy":"category","embeddable":true,"href":"https:\/\/notinor.com\/jujuy\/wp-json\/wp\/v2\/categories?post=285249"},{"taxonomy":"post_tag","embeddable":true,"href":"https:\/\/notinor.com\/jujuy\/wp-json\/wp\/v2\/tags?post=285249"}],"curies":[{"name":"wp","href":"https:\/\/api.w.org\/{rel}","templated":true}]}}