{"id":28482,"date":"2015-05-23T01:19:35","date_gmt":"2015-05-23T04:19:35","guid":{"rendered":"http:\/\/notinor.com\/jujuy\/?p=28482"},"modified":"2015-05-23T09:27:27","modified_gmt":"2015-05-23T12:27:27","slug":"tarde-titeres-junto-a-la-nina-del-cerro","status":"publish","type":"post","link":"https:\/\/notinor.com\/jujuy\/tarde-titeres-junto-a-la-nina-del-cerro\/","title":{"rendered":"Tarde t\u00edteres junto a \u201cLa ni\u00f1a del Cerro\u201d"},"content":{"rendered":"<p>Esta tarde a partir de las 17 horas se presentara la obra en el Teatro El Pasillo ubicado en calle Jos\u00e9 de la Iglesias 1190, con promociones de 3\u00d72 en entradas.<\/p>\n<p>Brunita junto a su familia luego de trabajar sol a sol en los ca\u00f1averales donde el patr\u00f3n paga poco y el clima los castiga regresa a su ranchito en el cerro donde vivieron ellos sus abuelos bisabuelos y tatarabuelos. All\u00ed siembran ma\u00edz arreglan el rancho ca\u00eddo por el viento, reparan corrales.<\/p>\n<p>El Card\u00f3n est\u00e1 feliz por el regreso florece de alegr\u00eda. Brunita cuida cabras y todo es armon\u00eda hasta que aparece don Carlos Fisher con papeles donde dice que la tierra el rancho y todo lo que est\u00e1 en ella le pertenece. Se crea una disputa por el lugar que por a\u00f1os habitaron sus abuelos.<\/p>\n<p>Bajo la actuaci\u00f3n y Titiritera Gabriela Morel y la direcci\u00f3n de Rub\u00e9n Iriarte.<\/p>\n<p style=\"text-align: center;\"><a href=\"http:\/\/notinor.com\/jujuy\/wp-content\/uploads\/2015\/05\/ni\u00f1a-del-cerro.jpg\"><img decoding=\"async\" loading=\"lazy\" class=\"alignnone size-full wp-image-28339\" src=\"http:\/\/notinor.com\/jujuy\/wp-content\/uploads\/2015\/05\/ni\u00f1a-del-cerro.jpg\" alt=\"ni\u00f1a del cerro\" width=\"554\" height=\"554\" srcset=\"https:\/\/notinor.com\/jujuy\/wp-content\/uploads\/2015\/05\/ni\u00f1a-del-cerro.jpg 554w, https:\/\/notinor.com\/jujuy\/wp-content\/uploads\/2015\/05\/ni\u00f1a-del-cerro-150x150.jpg 150w, https:\/\/notinor.com\/jujuy\/wp-content\/uploads\/2015\/05\/ni\u00f1a-del-cerro-300x300.jpg 300w, https:\/\/notinor.com\/jujuy\/wp-content\/uploads\/2015\/05\/ni\u00f1a-del-cerro-125x125.jpg 125w, https:\/\/notinor.com\/jujuy\/wp-content\/uploads\/2015\/05\/ni\u00f1a-del-cerro-144x144.jpg 144w, https:\/\/notinor.com\/jujuy\/wp-content\/uploads\/2015\/05\/ni\u00f1a-del-cerro-75x75.jpg 75w\" sizes=\"(max-width: 554px) 100vw, 554px\" \/><\/a><\/p>\n","protected":false},"excerpt":{"rendered":"<p>Esta tarde a partir de las 17 horas se presentara la obra en el Teatro El Pasillo ubicado en calle Jos\u00e9 de la Iglesias 1190, con promociones de 3\u00d72 en entradas. Brunita junto a su familia luego de trabajar sol a sol en los ca\u00f1averales donde el patr\u00f3n paga poco y el clima los castiga [&hellip;]<\/p>\n","protected":false},"author":1,"featured_media":28339,"comment_status":"open","ping_status":"open","sticky":false,"template":"","format":"standard","meta":{"_stopmodifiedupdate":false,"_modified_date":"","inline_featured_image":false},"categories":[21],"tags":[],"jetpack_featured_media_url":"https:\/\/notinor.com\/jujuy\/wp-content\/uploads\/2015\/05\/ni\u00f1a-del-cerro.jpg","_links":{"self":[{"href":"https:\/\/notinor.com\/jujuy\/wp-json\/wp\/v2\/posts\/28482"}],"collection":[{"href":"https:\/\/notinor.com\/jujuy\/wp-json\/wp\/v2\/posts"}],"about":[{"href":"https:\/\/notinor.com\/jujuy\/wp-json\/wp\/v2\/types\/post"}],"author":[{"embeddable":true,"href":"https:\/\/notinor.com\/jujuy\/wp-json\/wp\/v2\/users\/1"}],"replies":[{"embeddable":true,"href":"https:\/\/notinor.com\/jujuy\/wp-json\/wp\/v2\/comments?post=28482"}],"version-history":[{"count":1,"href":"https:\/\/notinor.com\/jujuy\/wp-json\/wp\/v2\/posts\/28482\/revisions"}],"predecessor-version":[{"id":28483,"href":"https:\/\/notinor.com\/jujuy\/wp-json\/wp\/v2\/posts\/28482\/revisions\/28483"}],"wp:featuredmedia":[{"embeddable":true,"href":"https:\/\/notinor.com\/jujuy\/wp-json\/wp\/v2\/media\/28339"}],"wp:attachment":[{"href":"https:\/\/notinor.com\/jujuy\/wp-json\/wp\/v2\/media?parent=28482"}],"wp:term":[{"taxonomy":"category","embeddable":true,"href":"https:\/\/notinor.com\/jujuy\/wp-json\/wp\/v2\/categories?post=28482"},{"taxonomy":"post_tag","embeddable":true,"href":"https:\/\/notinor.com\/jujuy\/wp-json\/wp\/v2\/tags?post=28482"}],"curies":[{"name":"wp","href":"https:\/\/api.w.org\/{rel}","templated":true}]}}