{"id":28473,"date":"2015-05-23T00:45:08","date_gmt":"2015-05-23T03:45:08","guid":{"rendered":"http:\/\/notinor.com\/jujuy\/?p=28473"},"modified":"2015-05-23T08:48:15","modified_gmt":"2015-05-23T11:48:15","slug":"concierto-de-la-orquesta-rayito-de-sol-en-culturarte","status":"publish","type":"post","link":"https:\/\/notinor.com\/jujuy\/concierto-de-la-orquesta-rayito-de-sol-en-culturarte\/","title":{"rendered":"Concierto de la orquesta \"Rayito de sol\" en Culturarte"},"content":{"rendered":"<p>El mismo se realizar\u00e1 este s\u00e1bado en el Centro cultural Culturarte, a las 20:30 horas con entrada libre y gratuita, d\u00f3nde se podr\u00e1 disfrutar de un amplio repertorio de m\u00fasica cl\u00e1sica y popular.<\/p>\n<p>&nbsp;<\/p>\n<p>De esta manera, se busca gestar un espacio de contenci\u00f3n a los ni\u00f1os que por su situaci\u00f3n est\u00e1n expuestos a los flagelos de la sociedad y a su vez busca darle una educaci\u00f3n musical integral basados en los ejes de: Clases de instrumento, Lenguaje Musical y Ensayos.<\/p>\n<p>&nbsp;<\/p>\n<p>Actualmente son 250 los ni\u00f1os que est\u00e1n a cargo del Director General Pablo Andr\u00e9s Medrano quien, junto a un equipo docente, coordina el funcionamiento pedag\u00f3gico musical.<\/p>\n","protected":false},"excerpt":{"rendered":"<p>El mismo se realizar\u00e1 este s\u00e1bado en el Centro cultural Culturarte, a las 20:30 horas con entrada libre y gratuita, d\u00f3nde se podr\u00e1 disfrutar de un amplio repertorio de m\u00fasica cl\u00e1sica y popular. &nbsp; De esta manera, se busca gestar un espacio de contenci\u00f3n a los ni\u00f1os que por su situaci\u00f3n est\u00e1n expuestos a los [&hellip;]<\/p>\n","protected":false},"author":1,"featured_media":28475,"comment_status":"open","ping_status":"open","sticky":false,"template":"","format":"standard","meta":{"_stopmodifiedupdate":false,"_modified_date":"","inline_featured_image":false},"categories":[21],"tags":[],"jetpack_featured_media_url":"https:\/\/notinor.com\/jujuy\/wp-content\/uploads\/2015\/05\/190515-cultura-1_18362.jpg","_links":{"self":[{"href":"https:\/\/notinor.com\/jujuy\/wp-json\/wp\/v2\/posts\/28473"}],"collection":[{"href":"https:\/\/notinor.com\/jujuy\/wp-json\/wp\/v2\/posts"}],"about":[{"href":"https:\/\/notinor.com\/jujuy\/wp-json\/wp\/v2\/types\/post"}],"author":[{"embeddable":true,"href":"https:\/\/notinor.com\/jujuy\/wp-json\/wp\/v2\/users\/1"}],"replies":[{"embeddable":true,"href":"https:\/\/notinor.com\/jujuy\/wp-json\/wp\/v2\/comments?post=28473"}],"version-history":[{"count":1,"href":"https:\/\/notinor.com\/jujuy\/wp-json\/wp\/v2\/posts\/28473\/revisions"}],"predecessor-version":[{"id":28476,"href":"https:\/\/notinor.com\/jujuy\/wp-json\/wp\/v2\/posts\/28473\/revisions\/28476"}],"wp:featuredmedia":[{"embeddable":true,"href":"https:\/\/notinor.com\/jujuy\/wp-json\/wp\/v2\/media\/28475"}],"wp:attachment":[{"href":"https:\/\/notinor.com\/jujuy\/wp-json\/wp\/v2\/media?parent=28473"}],"wp:term":[{"taxonomy":"category","embeddable":true,"href":"https:\/\/notinor.com\/jujuy\/wp-json\/wp\/v2\/categories?post=28473"},{"taxonomy":"post_tag","embeddable":true,"href":"https:\/\/notinor.com\/jujuy\/wp-json\/wp\/v2\/tags?post=28473"}],"curies":[{"name":"wp","href":"https:\/\/api.w.org\/{rel}","templated":true}]}}