{"id":28396,"date":"2015-05-23T02:42:04","date_gmt":"2015-05-23T05:42:04","guid":{"rendered":"http:\/\/notinor.com\/jujuy\/?p=28396"},"modified":"2015-05-23T14:46:40","modified_gmt":"2015-05-23T17:46:40","slug":"carlos-haquim-en-la-maternidad-se-estaria-configurando-una-situacion-de-violencia-obstetrica","status":"publish","type":"post","link":"https:\/\/notinor.com\/jujuy\/carlos-haquim-en-la-maternidad-se-estaria-configurando-una-situacion-de-violencia-obstetrica\/","title":{"rendered":"Carlos Haquim:  \"en la Maternidad se estar\u00eda configurando una situaci\u00f3n de violencia obst\u00e9trica\""},"content":{"rendered":"<p>Las 7 muertes en solo 6 meses que se adjudican al Hospital Materno Infantil, finalmente motivaron que el Defensor del Pueblo de la Naci\u00f3n tome cartas en el asunto a trav\u00e9s de una serie de pedidos de informes y una investigaci\u00f3n impulsada desde \u00e9sa instituci\u00f3n nacional por el contador Carlos Haquim, el secretario general a cargo del Ombudsman nacional.<\/p>\n<p>Ante todo, el contador Haquim aclar\u00f3 <strong>\u201cnosotros no pretendemos de ninguna manera incentivar el conflicto o agravarlo, sino que estamos en la posici\u00f3n de solucionar el conflicto, siempre tratando de pararnos en medio de las partes para lograr una soluci\u00f3n a la afectaci\u00f3n de derechos que pueden estar ocurriendo\u201d.\u00a0 \u201cO sea que no hemos venido a la provincia a generar m\u00e1s problema sino a tratar de solucionarlos\u201d,<\/strong> reiter\u00f3.<\/p>\n<p>En este sentido, Haquim explic\u00f3 a NOTINOR.COM el alcance que tiene una actuaci\u00f3n por parte del Defensor del Pueblo de la Naci\u00f3n. \u00a0<strong>\u201cLa problem\u00e1tica que trata la Defensor\u00eda, al ser una instituci\u00f3n creada por la Constituci\u00f3n Nacional que la puso como protectora y defensora de los Derechos Humanos, es de una gama muy amplia que va desde los derechos econ\u00f3micos, el tema del medio ambiente, el respeto a los derechos de las comunidades originarias, derechos econ\u00f3micos que est\u00e1n relacionados con la prestaci\u00f3n de los servicios, en el orden nacional educaci\u00f3n, salud, obras sociales, jubilaciones, pensiones, discapacidad, y personas privadas de la libertad.\u00a0 As\u00ed que es una gama muy amplia en donde estamos facultados por la ley, por la Constituci\u00f3n, a actuar cuando detectamos una falla o una disfunci\u00f3n que afecte derechos individuales o colectivos, como ocurre actualmente con el caso del maltrato a mujeres, por violencia obst\u00e9trica, y las muertes que se podr\u00edan haber producido a ra\u00edz de esa disfunci\u00f3n, que se adjudica a la Maternidad del Hospital H\u00e9ctor Quintana\u201d.<\/strong><\/p>\n<p><strong>\u00a0\u201cUna de las cosas que m\u00e1s fuertemente sostenemos desde la Defensor\u00eda es la difusi\u00f3n de los derechos.\u00a0 Constantemente se van generando nuevos derechos, a partir de la modificaci\u00f3n de la constituci\u00f3n de 1994; se generaron nuevos derechos y, a partir de eso en el tiempo, va surgiendo nueva legislaci\u00f3n con generaci\u00f3n de nuevos derechos\u201d,<\/strong> dijo Haquim al explicar que la violencia de g\u00e9nero entra dentro de las disfunciones que pueden ocasionar violaciones de derechos humanos.<\/p>\n<p>&nbsp;<\/p>\n<p style=\"text-align: center;\"><strong>LA VIOLENCIA DE G\u00c9NERO Y LA VIOLENCIA OBST\u00c9TRICA<\/strong><\/p>\n<p><strong>\u201cPrecisamente tenemos un \u00e1rea espec\u00edfica que trata la cuesti\u00f3n de g\u00e9nero. \u00a0En esto de la cuesti\u00f3n de g\u00e9nero, todav\u00eda hay muchos que todav\u00eda creen que se trata de una cuesti\u00f3n de agresi\u00f3n entre esposos, pero es un tema mucho m\u00e1s amplio.\u00a0 Por eso aparecen temas como la violencia obst\u00e9trica\u201d,<\/strong> se\u00f1al\u00f3 Haquim.<\/p>\n<p>En \u00e9ste sentido, el secretario General de la Defensor\u00eda explic\u00f3 <strong>\u201cDentro de lo que es la violencia de g\u00e9nero que est\u00e1 prevista en nuestras leyes, aparece el t\u00e9rmino violencia obst\u00e9trica.\u00a0 Para entenderlo de la mejor manera: es la violencia que se produce en el proceso de parto, siempre en relaci\u00f3n con las instituciones de salud donde se realizan los partos, existen, se producen alg\u00fan tipo de problemas, maltrato \u00a0situaciones agresivas hacia la mujer\u201d.<\/strong><\/p>\n<p>Completando el concepto, Haquim continu\u00f3 <strong>\u201cExiste adem\u00e1s una ley de parto humanizado que a veces no se cumple, y por lo tanto, no es nuevo a nuestra instituci\u00f3n.\u00a0 Se producen una gran cantidad de quejas, una gran cantidad de situaciones que se van presentando no solo en instituciones p\u00fablicas sino tambi\u00e9n en instituciones privadas, o tambi\u00e9n a trav\u00e9s de alguna obra social en que hemos tenido que observar y exhortar a esas instituciones en el maltrato que se le puede haber dado a alguna mujer\u201d.<\/strong><\/p>\n<p>Consultado sobre el caso particular de la posible violencia obst\u00e9trica que podr\u00edan haber sufrido las mujeres cuyas muertes se adjudican al Hospital Materno Infantil, Haquim se\u00f1al\u00f3 que ante las versiones period\u00edsticas que ocuparon los titulares de los diarios juje\u00f1os, y que tuvieron eco en algunos medios nacionales, la Defensor\u00eda inici\u00f3 una actuaci\u00f3n de oficio <strong>\u201cpara pedir los informes que corresponde a la provincia, respecto a la posibilidad de la existencia de estas disfunciones;\u00a0 hemos solicitado al Poder Ejecutivo provincial, a trav\u00e9s de sus ministros, una serie de informes; y \u00a0tambi\u00e9n lo hemos hecho, como pedido de colaboraci\u00f3n, a la Comisi\u00f3n de Salud de la Legislatura de la Provincia\u201d.<\/strong><\/p>\n<p><strong>\u201cAc\u00e1 en el caso de la Materindad del Hospital Quintana, se estar\u00eda configurando esta situaci\u00f3n, de acuerdo a la informaci\u00f3n period\u00edstica, y por lo tanto vamos a trabajar para una investigaci\u00f3n, que determine si ha existido o existe, y a partir de eso ver cu\u00e1l es el camino a seguir para corregir la disfunci\u00f3n que produce este tipo de afectaci\u00f3n de derechos\u201d, <\/strong>explic\u00f3 el secretario General del Defensor del Pueblo de la Naci\u00f3n.<\/p>\n<p>En referencia al estado de la investigaci\u00f3n Carlos Haquim sostuvo: <strong>\u201cestamos a la espera de estos pedidos de informes, de la contestaci\u00f3n, y de la investigaci\u00f3n que iniciamos a partir de esta investigaci\u00f3n\u201d.<\/strong><\/p>\n<p style=\"text-align: center;\"><strong>OTRAS ACTUACIONES DEL DEFENSOR DEL PUEBLO DE LA NACI\u00d3N EN LA PROVINCIA DE JUJUY<\/strong><\/p>\n<p>Consultado sobre otras actuaciones en las que haya intervenido, o en curso, \u00a0el Defensor del Pueblo de la Naci\u00f3n, Haquim record\u00f3: <strong>\u201cel a\u00f1o pasado en la provincia, trabajamos conjuntamente con el Defensor provincial, para mediar y solucionar un problema que se hab\u00eda suscitado en el PAMI\u201d.<\/strong><\/p>\n<p><strong>\u201cTambi\u00e9n hemos tenido una intervenci\u00f3n con el tema de la Ley de Glaciares\u201d,<\/strong> asegur\u00f3 y explicit\u00f3 <strong>\u201csostuvimos en su momento que la presentaci\u00f3n judicial hecha por la C\u00e1mara Minera y \u00a0por el Gobierno de la Provincia en cuanto a la inconstitucionalidad de algunos art\u00edculos de la ley nacional, estaba generando un vac\u00edo en la legislaci\u00f3n, que se amparaba en la legislaci\u00f3n local y no en la nacional\u201d.<\/strong><\/p>\n<p>Sobre esta actuaci\u00f3n Haquim record\u00f3 la intervenci\u00f3n de la Corte Suprema que termin\u00f3 dirimiendo el caso <strong>\u201cel conflicto qued\u00f3 despu\u00e9s dirimido, por la Suprema Corte de Justicia de la Naci\u00f3n, poniendo de manifiesto en su fallo que no exist\u00eda ning\u00fan tipo de inconstitucionalidad, por lo que qued\u00f3 plenamente vigente la Ley Nacional de Glaciares, que es lo que nosotros sosten\u00edamos\u201d.<\/strong><\/p>\n<p><strong>\u201cNo se trat\u00f3 de generar conflicto, sino desde la perspectiva nuestra hacer respetar las leyes vigentes\u201d,<\/strong> aclar\u00f3 Haquim.<\/p>\n<p>En referencia a una nota de su autor\u00eda publicada en los medios locales sobre la problem\u00e1tica de los ex empleados de Altos Hornos Zapala, Haquim indic\u00f3<strong>: \u201cen Altos Hornos Zapla hay un problema desde hace much\u00edsimos a\u00f1os\u00a0 con los ex empleados.\u00a0 Es un problema que exist\u00eda tambi\u00e9n con ex empleados de otras empresas del Estado que se han ido corrigiendo en esta\u00faultima etapa, favoreciendo a aquellos empleados de YPF\u201d.<\/strong><\/p>\n<p>Sobre este punto Haquim dijo:\u00a0 <strong>\u201cnosotros hicimos la observaci\u00f3n de que los ex empleados de Altos Hornos Zapla siguen en la espera de la misma soluci\u00f3n que ya benefici\u00f3 a los ex empleados de YPF, y que por lo tanto abogamos por que se les d\u00e9 una soluci\u00f3n lo m\u00e1s pronto posible.\u201d.<\/strong><\/p>\n<p>&nbsp;<\/p>\n<p style=\"text-align: center;\"><strong>PARA CONTACTAR CON LA DEFENSOR\u00cdA<\/strong><\/p>\n<p>Para finalizar, Carlos Haquim aprovech\u00f3 la entrevista para poner al tanto a nuestros lectores sobre la delegaci\u00f3n del Defensor del Pueblo de la Naci\u00f3n en nuestra provincia, donde los ciudadanos pueden consultar sobre casos en que se puedan ver afectados derechos y garant\u00edas individuales o colectivos constitucionales <strong>\u201cestamos a disposici\u00f3n de toda la gente de Jujuy, tenemos una oficina receptora de quejas y asesoramiento en calle Belgrano 969.\u00a0 Muchos juje\u00f1os que ya han ido por ah\u00ed saben que sobre todo estamos para ayudar a solucionar problemas.\u00a0 En la p\u00e1gina web del Defensor est\u00e1n las direcciones, tel\u00e9fonos de las oficinas en todo el pa\u00eds, la forma de plantear quejas y toda la informaci\u00f3n que puede resultar \u00fatil.\u00a0 El representante del Defensor del Pueblo en Jujuy es Roberto Benicio; la direcci\u00f3n de la pagina web es:\u00a0 http:\/\/www.dpn.gob.ar\/\u201d.<\/strong><\/p>\n<p><a href=\"http:\/\/notinor.com\/jujuy\/wp-content\/uploads\/2015\/05\/ab60c9a71a6551dd34f64a5e4e918dcd.jpg\"><img decoding=\"async\" loading=\"lazy\" class=\" wp-image-28490 aligncenter\" src=\"http:\/\/notinor.com\/jujuy\/wp-content\/uploads\/2015\/05\/ab60c9a71a6551dd34f64a5e4e918dcd-300x205.jpg\" alt=\"ab60c9a71a6551dd34f64a5e4e918dcd\" width=\"582\" height=\"398\" srcset=\"https:\/\/notinor.com\/jujuy\/wp-content\/uploads\/2015\/05\/ab60c9a71a6551dd34f64a5e4e918dcd-300x205.jpg 300w, https:\/\/notinor.com\/jujuy\/wp-content\/uploads\/2015\/05\/ab60c9a71a6551dd34f64a5e4e918dcd.jpg 600w\" sizes=\"(max-width: 582px) 100vw, 582px\" \/><\/a><\/p>\n","protected":false},"excerpt":{"rendered":"<p>Las 7 muertes en solo 6 meses que se adjudican al Hospital Materno Infantil, finalmente motivaron que el Defensor del Pueblo de la Naci\u00f3n tome cartas en el asunto a trav\u00e9s de una serie de pedidos de informes y una investigaci\u00f3n impulsada desde \u00e9sa instituci\u00f3n nacional por el contador Carlos Haquim, el secretario general a [&hellip;]<\/p>\n","protected":false},"author":1,"featured_media":28490,"comment_status":"open","ping_status":"open","sticky":false,"template":"","format":"standard","meta":{"_stopmodifiedupdate":false,"_modified_date":"","inline_featured_image":false},"categories":[493],"tags":[],"jetpack_featured_media_url":"https:\/\/notinor.com\/jujuy\/wp-content\/uploads\/2015\/05\/ab60c9a71a6551dd34f64a5e4e918dcd.jpg","_links":{"self":[{"href":"https:\/\/notinor.com\/jujuy\/wp-json\/wp\/v2\/posts\/28396"}],"collection":[{"href":"https:\/\/notinor.com\/jujuy\/wp-json\/wp\/v2\/posts"}],"about":[{"href":"https:\/\/notinor.com\/jujuy\/wp-json\/wp\/v2\/types\/post"}],"author":[{"embeddable":true,"href":"https:\/\/notinor.com\/jujuy\/wp-json\/wp\/v2\/users\/1"}],"replies":[{"embeddable":true,"href":"https:\/\/notinor.com\/jujuy\/wp-json\/wp\/v2\/comments?post=28396"}],"version-history":[{"count":3,"href":"https:\/\/notinor.com\/jujuy\/wp-json\/wp\/v2\/posts\/28396\/revisions"}],"predecessor-version":[{"id":28492,"href":"https:\/\/notinor.com\/jujuy\/wp-json\/wp\/v2\/posts\/28396\/revisions\/28492"}],"wp:featuredmedia":[{"embeddable":true,"href":"https:\/\/notinor.com\/jujuy\/wp-json\/wp\/v2\/media\/28490"}],"wp:attachment":[{"href":"https:\/\/notinor.com\/jujuy\/wp-json\/wp\/v2\/media?parent=28396"}],"wp:term":[{"taxonomy":"category","embeddable":true,"href":"https:\/\/notinor.com\/jujuy\/wp-json\/wp\/v2\/categories?post=28396"},{"taxonomy":"post_tag","embeddable":true,"href":"https:\/\/notinor.com\/jujuy\/wp-json\/wp\/v2\/tags?post=28396"}],"curies":[{"name":"wp","href":"https:\/\/api.w.org\/{rel}","templated":true}]}}