{"id":28266,"date":"2015-05-22T00:00:26","date_gmt":"2015-05-22T03:00:26","guid":{"rendered":"http:\/\/notinor.com\/jujuy\/?p=28266"},"modified":"2015-05-21T22:54:25","modified_gmt":"2015-05-22T01:54:25","slug":"perassi-invita-a-simpatizantes-de-primero-jujuy-a-un-plenario-partidario","status":"publish","type":"post","link":"https:\/\/notinor.com\/jujuy\/perassi-invita-a-simpatizantes-de-primero-jujuy-a-un-plenario-partidario\/","title":{"rendered":"Perassi invita a simpatizantes de Primero Jujuy a un plenario partidario"},"content":{"rendered":"<p>\"Va a haber compa\u00f1eros de distintos lugares de la provincia. Vamos a conversar y a contarles qu\u00e9 hemos estado haciendo en lo que es este a\u00f1o electoral; cu\u00e1les son nuestras perspectivas, cu\u00e1les son nuestras ideas, a qui\u00e9n vamos a acompa\u00f1ar, d\u00e1ndole la posibilidad a la gente de expresarse con sus palabras\", adelant\u00f3 Perassi.<\/p>\n<p>\"Aquellos que quieran van a poder expresar cu\u00e1l es su opini\u00f3n, si comparten lo que nosotros de alguna manera vamos a proponer para que el plenario lo considere. Es un tema que lo vemos como realmente importante, porque es democratizar el tratamiento de las cuestiones pol\u00edticas en \u00e9ste a\u00f1o electoral\", consider\u00f3 el diputado.<\/p>\n<p>Perassi se\u00f1al\u00f3 que al tratarse de un plenario \"vamos a contar, m\u00e1s que anunciar, cosas que ya hemos ido conversando con los dirigentes individualmente, pero nunca en el conjunto del plenario, hasta ahora, como debe ser\"<\/p>\n<p>Consultado sobre la tem\u00e1tica espec\u00edfica del plenario, Perassi adelant\u00f3 \"vamos a hablar del acuerdo que va a integrar el Frente Primero Jujuy con la Uni\u00f3n C\u00edvica Radical\".<\/p>\n<p>En este sentido el diputado ecord\u00f3 que el a\u00f1o pasado, en otro evento similar organizado por su fuerza pol\u00edtica se hab\u00eda resuelto acompa\u00f1ar la candidatura presidencial de Sergio Massa, pero que en \u00e9sta oportunidad, tras la conformaci\u00f3n del frente UNA en el que confluyen el Frente Renovador, y el peronismo federal con De La sota a la cabeza, ahora \"hay dos candidatos que van a disputar el voto en las PASO, que son Massa y De La Sota\".<\/p>\n<p>Ahondando sobre este particular Perassi explic\u00f3 que \"esto es un hecho nuevo, posterior al que hab\u00edamos hablado antes\".<\/p>\n<p>Por otro lado, Perassi adelant\u00f3 tambi\u00e9n que se tratar\u00e1 lo que est\u00e1 sucediendo a nivel provincial \"vamos a contar que a nivel provincial se est\u00e1 trabajando en la constituci\u00f3n de un frente muy amplio, con distintos partidos pol\u00edticos, para ver si podemos cambiar la historia de Jujuy, ya que creemos que va en decadencia con los actuales gobernantes\".<\/p>\n<p>En cuanto a la conformaci\u00f3n de este gran frente opositor provincial, Perassi se\u00f1al\u00f3 \"la semana que viene vamos a decidir como se va a llamar el frente opositor a nivel provincial, se han tirado nombres, pero todav\u00eda no hay nada decidido\".<\/p>\n<p>Consultado sobre c\u00f3mo concurrir\u00e1 el Frente Primero Jujuy, tanto a las PASO como a las generales, Perassi dijo \"el Frente Primero Jujuy va a ir con lista propia en lo que hace a diputado nacional, Parlasur, diputados provinciales, intendentes, concejales, vocales, y presidente\", haciendo la aclaraci\u00f3n que en las PASO solo estar\u00edan en disputa los diputados nacionales, el diputado del Parlasur, y el presidente de la Naci\u00f3n.<\/p>\n<p>Al respecto de este punto y para finalizar se\u00f1al\u00f3 \"el problema en Jujuy es que hay gente que se est\u00e1 acelerando debido a que en otras provincias ya hubo elecciones, ya se eligi\u00f3, y ac\u00e1 todav\u00eda no hemos pasado por las PASO. Ya habr\u00b4pa tiempo despu\u00b4pes para definir candidaturas a diputdos provinciales, concejales e intendentes en su momento\", concluy\u00f3.<\/p>\n","protected":false},"excerpt":{"rendered":"<p>\"Va a haber compa\u00f1eros de distintos lugares de la provincia. Vamos a conversar y a contarles qu\u00e9 hemos estado haciendo en lo que es este a\u00f1o electoral; cu\u00e1les son nuestras perspectivas, cu\u00e1les son nuestras ideas, a qui\u00e9n vamos a acompa\u00f1ar, d\u00e1ndole la posibilidad a la gente de expresarse con sus palabras\", adelant\u00f3 Perassi. \"Aquellos que [&hellip;]<\/p>\n","protected":false},"author":1,"featured_media":6627,"comment_status":"open","ping_status":"open","sticky":false,"template":"","format":"standard","meta":{"_stopmodifiedupdate":false,"_modified_date":"","inline_featured_image":false},"categories":[485],"tags":[],"jetpack_featured_media_url":"https:\/\/notinor.com\/jujuy\/wp-content\/uploads\/2014\/11\/Agust\u00edn-Perassi.jpg","_links":{"self":[{"href":"https:\/\/notinor.com\/jujuy\/wp-json\/wp\/v2\/posts\/28266"}],"collection":[{"href":"https:\/\/notinor.com\/jujuy\/wp-json\/wp\/v2\/posts"}],"about":[{"href":"https:\/\/notinor.com\/jujuy\/wp-json\/wp\/v2\/types\/post"}],"author":[{"embeddable":true,"href":"https:\/\/notinor.com\/jujuy\/wp-json\/wp\/v2\/users\/1"}],"replies":[{"embeddable":true,"href":"https:\/\/notinor.com\/jujuy\/wp-json\/wp\/v2\/comments?post=28266"}],"version-history":[{"count":1,"href":"https:\/\/notinor.com\/jujuy\/wp-json\/wp\/v2\/posts\/28266\/revisions"}],"predecessor-version":[{"id":28267,"href":"https:\/\/notinor.com\/jujuy\/wp-json\/wp\/v2\/posts\/28266\/revisions\/28267"}],"wp:featuredmedia":[{"embeddable":true,"href":"https:\/\/notinor.com\/jujuy\/wp-json\/wp\/v2\/media\/6627"}],"wp:attachment":[{"href":"https:\/\/notinor.com\/jujuy\/wp-json\/wp\/v2\/media?parent=28266"}],"wp:term":[{"taxonomy":"category","embeddable":true,"href":"https:\/\/notinor.com\/jujuy\/wp-json\/wp\/v2\/categories?post=28266"},{"taxonomy":"post_tag","embeddable":true,"href":"https:\/\/notinor.com\/jujuy\/wp-json\/wp\/v2\/tags?post=28266"}],"curies":[{"name":"wp","href":"https:\/\/api.w.org\/{rel}","templated":true}]}}