{"id":282387,"date":"2020-12-30T14:54:37","date_gmt":"2020-12-30T17:54:37","guid":{"rendered":"https:\/\/notinor.com\/jujuy\/?p=282387"},"modified":"2020-12-30T14:54:42","modified_gmt":"2020-12-30T17:54:42","slug":"celebraciones-de-fin-de-ano-exponen-a-brasil-a-una-agravacion-brutal-de-la-pandemia","status":"publish","type":"post","link":"https:\/\/notinor.com\/jujuy\/celebraciones-de-fin-de-ano-exponen-a-brasil-a-una-agravacion-brutal-de-la-pandemia\/","title":{"rendered":"Celebraciones de fin de a\u00f1o exponen a Brasil a una agravaci\u00f3n brutal de la pandemia"},"content":{"rendered":"\n<p>Con restricciones poco acatadas y \u00f3rdenes y contra\u00f3rdenes para limitar las aglomeraciones durante las fiestas de fin de a\u00f1o, los brasile\u00f1os tendr\u00e1n dificultades en evitar un agravamiento brutal de la pandemia de coronavirus, advierten analistas.<\/p>\n\n\n\n<figure class=\"wp-block-image size-large\"><img decoding=\"async\" loading=\"lazy\" width=\"716\" height=\"437\" src=\"https:\/\/notinor.com\/jujuy\/wp-content\/uploads\/2020\/12\/BRASIL-2.jpg\" alt=\"\" class=\"wp-image-282388\" srcset=\"https:\/\/notinor.com\/jujuy\/wp-content\/uploads\/2020\/12\/BRASIL-2.jpg 716w, https:\/\/notinor.com\/jujuy\/wp-content\/uploads\/2020\/12\/BRASIL-2-598x365.jpg 598w\" sizes=\"(max-width: 716px) 100vw, 716px\" \/><\/figure>\n\n\n\n<p>El pa\u00eds, que ya contabiliza m\u00e1s de 192.000 muertos por covid-19, \"puede registrar un aumento a\u00fan mayor [de casos y decesos] que el que tuvo durante el peor momento\" de la enfermedad, subraya Luiz Gustavo de Almeida, doctor en Microbiolog\u00eda de la Universidad de S\u00e3o Paulo.<\/p>\n\n\n\n<p>\"El pico de la pandemia fue entre mayo y julio, que no eran \u00e9pocas de mucho movimiento de gente y nos cuid\u00e1bamos m\u00e1s. Ahora tenemos varios casos y las personas se comportan como si no hubiese pandemia\", agrega.<\/p>\n\n\n\n<p>R\u00edo de Janeiro decidi\u00f3 bloquear su litoral la noche del 31 con decenas de puestos policiales; el estado de Sao Paulo orden\u00f3 cerrar los comercios no esenciales del 1 al 3 de enero; en la amaz\u00f3nica Manaos, los comerciantes protestaron contra medidas similares y en la playa de B\u00fazios (estado de Rio) lograron que las autoridades diesen marcha atr\u00e1s.<\/p>\n\n\n\n<p>Los recursos judiciales se multiplican para permitir o prohibir las fiestas p\u00fablicas o privadas y los rumores sobre una megafiesta organizada por Neymar en el litoral de R\u00edo generan indignaci\u00f3n en momentos en que los balances de algunos d\u00edas vuelven a superar los 1.000 decesos por primera vez desde septiembre.<\/p>\n\n\n\n<p>Las im\u00e1genes de discotecas, bares y playas llenas, potenciadas por la efervescencia de las fiestas, son \"la receta perfecta para repetir lo que vimos en Europa al final del verano\", afirma De Almeida.<\/p>\n\n\n\n<p>\"Necesitamos educar a la gente para que cumpla el aislamiento social con mucha informaci\u00f3n y transparencia de que el covid es un tema de la sociedad y de que la soluci\u00f3n solo puede venir de la sociedad\", dice Natalia Pasternak, presidenta del Instituto Cuesti\u00f3n de Ciencia.<\/p>\n\n\n\n<p>Pero la resistencia es tenaz y est\u00e1 alentada por el propio presidente Jair Bolsonaro, que las contrapone a la sobrevivencia econ\u00f3mica del pa\u00eds.<\/p>\n\n\n\n<p>\"Creo que los medios de comunicaci\u00f3n a veces exageran y algunas autoridades mienten. Mira cu\u00e1nto tiempo estamos en esto, no podemos continuar parando nuestra vida por una enfermedad\", sostiene en esa misma sinton\u00eda Maria Rocha, que administra una peque\u00f1a tienda de ropa en un barrio de clase media de Sao Paulo.<\/p>\n\n\n\n<p>- Atraso en las vacunas -<\/p>\n\n\n\n<p>El balance de muertos en este pa\u00eds de 212 millones de habitantes es superado solo por Estados Unidos. Pero el pa\u00eds norteamericano, as\u00ed como Europa y los vecinos Chile y Argentina, empezaron ya sus campa\u00f1as de vacunaci\u00f3n y en Brasil esta no tiene a\u00fan fecha de inicio.<\/p>\n\n\n\n<p>Para Julio Croda, infect\u00f3logo de la Fundaci\u00f3n Oswaldo Cruz, ante este cansancio que dificulta la aplicaci\u00f3n de medidas restrictivas, \"la otra soluci\u00f3n inmediata es la vacuna, pero estamos bastante atrasados\".<\/p>\n\n\n\n<p>Eso se debe, seg\u00fan Pasternak, a que \"las perspectivas son a\u00fan algo nebulosas por la falta de acuerdos internacionales que garanticen las dosis necesarias para que la gente pueda tener una amplia cobertura inmunizante\".<\/p>\n\n\n\n<p>El gobierno federal dice negociar 360 millones de dosis, entre ellas 210 millones de la desarrollada por Oxford con la farmac\u00e9utica brit\u00e1nica AstraZeneca; 42 millones del conglomerado internacional Covax y m\u00e1s de 70 millones de Pfizer-BioNTech (EEUU\/Alemania).<\/p>\n\n\n\n<p>La gobernaci\u00f3n de Sao Paulo adquiri\u00f3 seis millones de dosis del inmunizante Coronavac, del laboratorio chino SinoVac, e insumos para producir localmente otras 40 millones de dosis.<\/p>\n\n\n\n<p>Pero ninguna de ellas ha pedido hasta ahora autorizaci\u00f3n ante el organismo regulador sanitario brasile\u00f1o (Anvisa).<\/p>\n\n\n\n<p>Pero hay un problema mayor: la falta de coordinaci\u00f3n nacional y las dudas que el propio Bolsonaro siembra sobre la eficacia de las vacunas.<\/p>\n\n\n\n<p>El mandatario de ultraderecha cuestion\u00f3 los posibles efectos colaterales de las vacunas contra el coronavirus, diciendo que no hay ninguna garant\u00eda de que no convierta a quien se las aplique \"en un caim\u00e1n\".<\/p>\n\n\n\n<p>Para vacunar a la poblaci\u00f3n \"se necesita voluntad pol\u00edtica, planificaci\u00f3n y log\u00edstica. No vi nada de eso hasta ahora\", dice Pasternak.<\/p>\n\n\n\n<p>Los brasile\u00f1os se debaten entre recibir el nuevo a\u00f1o abrazados a sus seres queridos o quedarse en casa para evitar el contagio. De Almeida no duda de que \"esa discusi\u00f3n a\u00fan va a existir en diciembre de 2021\".<\/p>\n","protected":false},"excerpt":{"rendered":"<p>Con restricciones poco acatadas y \u00f3rdenes y contra\u00f3rdenes para limitar las aglomeraciones durante las fiestas de fin de a\u00f1o, los brasile\u00f1os tendr\u00e1n dificultades en evitar un agravamiento brutal de la pandemia de coronavirus, advierten analistas. El pa\u00eds, que ya contabiliza m\u00e1s de 192.000 muertos por covid-19, \"puede registrar un aumento a\u00fan mayor [de casos y [&hellip;]<\/p>\n","protected":false},"author":5,"featured_media":282388,"comment_status":"open","ping_status":"open","sticky":false,"template":"","format":"standard","meta":{"_stopmodifiedupdate":false,"_modified_date":"","inline_featured_image":false,"spay_email":"","jetpack_publicize_message":""},"categories":[6],"tags":[],"jetpack_featured_media_url":"https:\/\/notinor.com\/jujuy\/wp-content\/uploads\/2020\/12\/BRASIL-2.jpg","jetpack_publicize_connections":[],"_links":{"self":[{"href":"https:\/\/notinor.com\/jujuy\/wp-json\/wp\/v2\/posts\/282387"}],"collection":[{"href":"https:\/\/notinor.com\/jujuy\/wp-json\/wp\/v2\/posts"}],"about":[{"href":"https:\/\/notinor.com\/jujuy\/wp-json\/wp\/v2\/types\/post"}],"author":[{"embeddable":true,"href":"https:\/\/notinor.com\/jujuy\/wp-json\/wp\/v2\/users\/5"}],"replies":[{"embeddable":true,"href":"https:\/\/notinor.com\/jujuy\/wp-json\/wp\/v2\/comments?post=282387"}],"version-history":[{"count":1,"href":"https:\/\/notinor.com\/jujuy\/wp-json\/wp\/v2\/posts\/282387\/revisions"}],"predecessor-version":[{"id":282389,"href":"https:\/\/notinor.com\/jujuy\/wp-json\/wp\/v2\/posts\/282387\/revisions\/282389"}],"wp:featuredmedia":[{"embeddable":true,"href":"https:\/\/notinor.com\/jujuy\/wp-json\/wp\/v2\/media\/282388"}],"wp:attachment":[{"href":"https:\/\/notinor.com\/jujuy\/wp-json\/wp\/v2\/media?parent=282387"}],"wp:term":[{"taxonomy":"category","embeddable":true,"href":"https:\/\/notinor.com\/jujuy\/wp-json\/wp\/v2\/categories?post=282387"},{"taxonomy":"post_tag","embeddable":true,"href":"https:\/\/notinor.com\/jujuy\/wp-json\/wp\/v2\/tags?post=282387"}],"curies":[{"name":"wp","href":"https:\/\/api.w.org\/{rel}","templated":true}]}}