{"id":282378,"date":"2020-12-30T14:47:11","date_gmt":"2020-12-30T17:47:11","guid":{"rendered":"https:\/\/notinor.com\/jujuy\/?p=282378"},"modified":"2020-12-30T18:53:33","modified_gmt":"2020-12-30T21:53:33","slug":"otorgaron-prision-domiciliaria-al-menor-acusado-de-asesinar-a-cesia-reinaga","status":"publish","type":"post","link":"https:\/\/notinor.com\/jujuy\/otorgaron-prision-domiciliaria-al-menor-acusado-de-asesinar-a-cesia-reinaga\/","title":{"rendered":"Otorgaron prisi\u00f3n domiciliaria al menor acusado de asesinar a Cesia Reinaga"},"content":{"rendered":"\n<p><strong>\"Atento a que el menor no va a ser sometido a juicio, no existen elementos que puedan justificar el sostenimiento de la medida privativa de libertad\", fundament\u00f3 la jueza Mar\u00eda del Rosario Hinojo.<\/strong><\/p>\n\n\n\n<figure class=\"wp-block-image size-large\"><img decoding=\"async\" loading=\"lazy\" width=\"779\" height=\"480\" src=\"https:\/\/notinor.com\/jujuy\/wp-content\/uploads\/2020\/12\/cesia-reinaga-779x480.jpg\" alt=\"\" class=\"wp-image-281210\" srcset=\"https:\/\/notinor.com\/jujuy\/wp-content\/uploads\/2020\/12\/cesia-reinaga-779x480.jpg 779w, https:\/\/notinor.com\/jujuy\/wp-content\/uploads\/2020\/12\/cesia-reinaga-592x365.jpg 592w, https:\/\/notinor.com\/jujuy\/wp-content\/uploads\/2020\/12\/cesia-reinaga-768x473.jpg 768w, https:\/\/notinor.com\/jujuy\/wp-content\/uploads\/2020\/12\/cesia-reinaga-750x462.jpg 750w, https:\/\/notinor.com\/jujuy\/wp-content\/uploads\/2020\/12\/cesia-reinaga.jpg 990w\" sizes=\"(max-width: 779px) 100vw, 779px\" \/><\/figure>\n\n\n\n<p>El pasado martes 29, la<strong> jueza de Menores N\u00b03, Dra. Mar\u00eda del Rosario Hinojo<\/strong>, <strong>resolvi\u00f3 la solicitud enviada por el abogado defensor Daniel Gustavo Ib\u00e1\u00f1ez para otorgar el beneficio de prisi\u00f3n domiciliaria al menor de edad acusado de asesinar a la joven abrapampe\u00f1a Cesia Nicole Reinaga.<\/strong> El adolescente de 14 a\u00f1os est\u00e1 imputado como supuesto autor del delito de \u201cHomicidio agravado de una mujer cuando el hecho sea perpetrado por un hombre mediare violencia de g\u00e9nero\u201d.<\/p>\n\n\n\n<p>La magistrada orden\u00f3 la entrega del menor a su progenitora, quien asumi\u00f3 las responsabilidades de ley, y fij\u00f3 al imputado normas de conducta que deber\u00e1 cumplir, entre ellas dar continuidad a sus estudios secundarios presentando las constancias correspondientes, iniciar tratamiento psicol\u00f3gico; todo bajo el control y seguimiento de la Direcci\u00f3n de Ni\u00f1ez, Adolescencia y Familia.<\/p>\n\n\n\n<p>Adem\u00e1s, orden\u00f3 la prohibici\u00f3n de acercamiento del menor y de todo su grupo familiar, a los padres de la v\u00edctima, al domicilio de los mismos en Abra Pampa, como as\u00ed tambi\u00e9n a todos los lugares en los que los mismos se encuentren en un radio de quinientos (500) metros. Tambi\u00e9n deber\u00e1n abstenerse de realizar cualquier tipo de contacto.<\/p>\n\n\n\n<p>En sus <strong>fundamentos<\/strong>, la Dra. Hinojo expres\u00f3 que el menor no es punible por contar con 14 a\u00f1os de edad (Ley N\u00b0 22.278), tampoco se puede habilitar un juicio ni la apelaci\u00f3n de pena pese a que se encuentra sometido a proceso para determinar su responsabilidad en el hecho imputado.<\/p>\n\n\n\n<p>La jueza fundamet\u00f3 que \"rige para el ni\u00f1o imputado la regla de la libertad que ampara a los adultos, m\u00e1s un plus de derechos por su calidad de menor de edad\". Adem\u00e1s, afirm\u00f3 que \"solo se justifica cuando exista un real peligro de obstaculizaci\u00f3n en la averiguaci\u00f3n de la verdad o peligro de fuga\".<\/p>\n\n\n\n<p><strong>Hinojo afirm\u00f3 que comparte los fundamentos presentados por el Agente Fiscal Diego Cussel, en relaci\u00f3n a la gravedad del hecho y las conductas que habr\u00eda protagonizado el menor, sin embargo atento a que no va a ser sometido a juicio y a la instancia de investigaci\u00f3n, \"no existen elementos que justifiquen el sostenimiento de la privaci\u00f3n de libertad\".<\/strong><\/p>\n\n\n\n<p>Por otra parte, cabe recordar que en la causa el padre y el abuelo del menor se encuentran con prisi\u00f3n preventiva, imputados por la supuesta autor\u00eda de los delitos de \u201cEncubrimiento agravado y Amenazas coactivas en concurso real\u201d.<\/p>\n\n\n\n<p><strong><em>Relacionado: <a href=\"https:\/\/notinor.com\/jujuy\/caso-cesia-reinaga-inicio-el-juicio-politico-contra-la-concejal-noelia-velasquez\/\">Caso Cesia Reinaga: inici\u00f3 el juicio pol\u00edtico contra la concejal Noelia Vel\u00e1squez<\/a><\/em><\/strong><\/p>\n","protected":false},"excerpt":{"rendered":"<p>\"Atento a que el menor no va a ser sometido a juicio, no existen elementos que puedan justificar el sostenimiento de la medida privativa de libertad\", fundament\u00f3 la jueza Mar\u00eda del Rosario Hinojo. El pasado martes 29, la jueza de Menores N\u00b03, Dra. Mar\u00eda del Rosario Hinojo, resolvi\u00f3 la solicitud enviada por el abogado defensor [&hellip;]<\/p>\n","protected":false},"author":1,"featured_media":281210,"comment_status":"open","ping_status":"open","sticky":false,"template":"","format":"standard","meta":{"_stopmodifiedupdate":false,"_modified_date":"","inline_featured_image":false,"spay_email":"","jetpack_publicize_message":""},"categories":[2,3],"tags":[],"jetpack_featured_media_url":"https:\/\/notinor.com\/jujuy\/wp-content\/uploads\/2020\/12\/cesia-reinaga.jpg","jetpack_publicize_connections":[],"_links":{"self":[{"href":"https:\/\/notinor.com\/jujuy\/wp-json\/wp\/v2\/posts\/282378"}],"collection":[{"href":"https:\/\/notinor.com\/jujuy\/wp-json\/wp\/v2\/posts"}],"about":[{"href":"https:\/\/notinor.com\/jujuy\/wp-json\/wp\/v2\/types\/post"}],"author":[{"embeddable":true,"href":"https:\/\/notinor.com\/jujuy\/wp-json\/wp\/v2\/users\/1"}],"replies":[{"embeddable":true,"href":"https:\/\/notinor.com\/jujuy\/wp-json\/wp\/v2\/comments?post=282378"}],"version-history":[{"count":2,"href":"https:\/\/notinor.com\/jujuy\/wp-json\/wp\/v2\/posts\/282378\/revisions"}],"predecessor-version":[{"id":282484,"href":"https:\/\/notinor.com\/jujuy\/wp-json\/wp\/v2\/posts\/282378\/revisions\/282484"}],"wp:featuredmedia":[{"embeddable":true,"href":"https:\/\/notinor.com\/jujuy\/wp-json\/wp\/v2\/media\/281210"}],"wp:attachment":[{"href":"https:\/\/notinor.com\/jujuy\/wp-json\/wp\/v2\/media?parent=282378"}],"wp:term":[{"taxonomy":"category","embeddable":true,"href":"https:\/\/notinor.com\/jujuy\/wp-json\/wp\/v2\/categories?post=282378"},{"taxonomy":"post_tag","embeddable":true,"href":"https:\/\/notinor.com\/jujuy\/wp-json\/wp\/v2\/tags?post=282378"}],"curies":[{"name":"wp","href":"https:\/\/api.w.org\/{rel}","templated":true}]}}