{"id":281726,"date":"2020-12-27T11:56:13","date_gmt":"2020-12-27T14:56:13","guid":{"rendered":"https:\/\/notinor.com\/jujuy\/?p=281726"},"modified":"2020-12-27T11:56:19","modified_gmt":"2020-12-27T14:56:19","slug":"prepara-el-mate-hoy-habra-feria-del-pan-casero-en-yala","status":"publish","type":"post","link":"https:\/\/notinor.com\/jujuy\/prepara-el-mate-hoy-habra-feria-del-pan-casero-en-yala\/","title":{"rendered":"\u00a1Prepara el mate! hoy habr\u00e1 feria del pan casero en Yala"},"content":{"rendered":"\n<p>Un plan ideal para compartir en familia este domingo <\/p>\n\n\n\n<figure class=\"wp-block-image size-large\"><img decoding=\"async\" loading=\"lazy\" width=\"800\" height=\"450\" src=\"https:\/\/notinor.com\/jujuy\/wp-content\/uploads\/2020\/12\/pan-casero.jpg\" alt=\"\" class=\"wp-image-281727\" srcset=\"https:\/\/notinor.com\/jujuy\/wp-content\/uploads\/2020\/12\/pan-casero.jpg 800w, https:\/\/notinor.com\/jujuy\/wp-content\/uploads\/2020\/12\/pan-casero-649x365.jpg 649w, https:\/\/notinor.com\/jujuy\/wp-content\/uploads\/2020\/12\/pan-casero-500x280.jpg 500w, https:\/\/notinor.com\/jujuy\/wp-content\/uploads\/2020\/12\/pan-casero-768x432.jpg 768w, https:\/\/notinor.com\/jujuy\/wp-content\/uploads\/2020\/12\/pan-casero-750x422.jpg 750w\" sizes=\"(max-width: 800px) 100vw, 800px\" \/><\/figure>\n\n\n\n<p>En la tarde de este domingo se realizar\u00e1 la Feria del Pan Casero en Yala, desde las 15 y hasta las 20 horas,  se podr\u00e1 disfrutar de un plan ideal en familia.<\/p>\n\n\n\n<p>El tradicional evento tendr\u00e1 lugar en el ingreso del predio \u00abEl Refugio\u00bb , ubicado en Ruta Nacional N\u00b0 9. Desde el municipio de Yala recordaron que las personas que deseen asistir deben llevar elementos para sanitizarse, tambi\u00e9n es obligatorio usar barbijo y respetar el distanciamiento social para evitar los contagios de coronavirus.<\/p>\n\n\n\n<figure class=\"wp-block-image size-large\"><img decoding=\"async\" loading=\"lazy\" width=\"680\" height=\"480\" src=\"https:\/\/notinor.com\/jujuy\/wp-content\/uploads\/2020\/12\/yala-feria-del-pan-casero-680x480.jpg\" alt=\"\" class=\"wp-image-281728\" srcset=\"https:\/\/notinor.com\/jujuy\/wp-content\/uploads\/2020\/12\/yala-feria-del-pan-casero-680x480.jpg 680w, https:\/\/notinor.com\/jujuy\/wp-content\/uploads\/2020\/12\/yala-feria-del-pan-casero-517x365.jpg 517w, https:\/\/notinor.com\/jujuy\/wp-content\/uploads\/2020\/12\/yala-feria-del-pan-casero-768x542.jpg 768w, https:\/\/notinor.com\/jujuy\/wp-content\/uploads\/2020\/12\/yala-feria-del-pan-casero-120x86.jpg 120w, https:\/\/notinor.com\/jujuy\/wp-content\/uploads\/2020\/12\/yala-feria-del-pan-casero-750x529.jpg 750w, https:\/\/notinor.com\/jujuy\/wp-content\/uploads\/2020\/12\/yala-feria-del-pan-casero-1140x804.jpg 1140w, https:\/\/notinor.com\/jujuy\/wp-content\/uploads\/2020\/12\/yala-feria-del-pan-casero.jpg 1280w\" sizes=\"(max-width: 680px) 100vw, 680px\" \/><\/figure>\n","protected":false},"excerpt":{"rendered":"<p>Un plan ideal para compartir en familia este domingo En la tarde de este domingo se realizar\u00e1 la Feria del Pan Casero en Yala, desde las 15 y hasta las 20 horas, se podr\u00e1 disfrutar de un plan ideal en familia. El tradicional evento tendr\u00e1 lugar en el ingreso del predio \u00abEl Refugio\u00bb , ubicado [&hellip;]<\/p>\n","protected":false},"author":37,"featured_media":281727,"comment_status":"open","ping_status":"open","sticky":false,"template":"","format":"standard","meta":{"_stopmodifiedupdate":false,"_modified_date":"","inline_featured_image":false,"spay_email":"","jetpack_publicize_message":""},"categories":[4],"tags":[],"jetpack_featured_media_url":"https:\/\/notinor.com\/jujuy\/wp-content\/uploads\/2020\/12\/pan-casero.jpg","jetpack_publicize_connections":[],"_links":{"self":[{"href":"https:\/\/notinor.com\/jujuy\/wp-json\/wp\/v2\/posts\/281726"}],"collection":[{"href":"https:\/\/notinor.com\/jujuy\/wp-json\/wp\/v2\/posts"}],"about":[{"href":"https:\/\/notinor.com\/jujuy\/wp-json\/wp\/v2\/types\/post"}],"author":[{"embeddable":true,"href":"https:\/\/notinor.com\/jujuy\/wp-json\/wp\/v2\/users\/37"}],"replies":[{"embeddable":true,"href":"https:\/\/notinor.com\/jujuy\/wp-json\/wp\/v2\/comments?post=281726"}],"version-history":[{"count":1,"href":"https:\/\/notinor.com\/jujuy\/wp-json\/wp\/v2\/posts\/281726\/revisions"}],"predecessor-version":[{"id":281729,"href":"https:\/\/notinor.com\/jujuy\/wp-json\/wp\/v2\/posts\/281726\/revisions\/281729"}],"wp:featuredmedia":[{"embeddable":true,"href":"https:\/\/notinor.com\/jujuy\/wp-json\/wp\/v2\/media\/281727"}],"wp:attachment":[{"href":"https:\/\/notinor.com\/jujuy\/wp-json\/wp\/v2\/media?parent=281726"}],"wp:term":[{"taxonomy":"category","embeddable":true,"href":"https:\/\/notinor.com\/jujuy\/wp-json\/wp\/v2\/categories?post=281726"},{"taxonomy":"post_tag","embeddable":true,"href":"https:\/\/notinor.com\/jujuy\/wp-json\/wp\/v2\/tags?post=281726"}],"curies":[{"name":"wp","href":"https:\/\/api.w.org\/{rel}","templated":true}]}}