{"id":28034,"date":"2015-05-20T09:30:01","date_gmt":"2015-05-20T12:30:01","guid":{"rendered":"http:\/\/notinor.com\/jujuy\/?p=28034"},"modified":"2015-05-20T09:36:04","modified_gmt":"2015-05-20T12:36:04","slug":"velarde-ana-q-e-p-d","status":"publish","type":"post","link":"https:\/\/notinor.com\/jujuy\/velarde-ana-q-e-p-d\/","title":{"rendered":"VELARDE, Ana (Q.E.P.D.)"},"content":{"rendered":"<p>Falleci\u00f3 el d\u00eda 19 de mayo de 2015. Su hijo Esteban Lino; sus hermanos Samuel, Mariano, Eduardo, Armando; sus sobrinos; sus nietos y dem\u00e1s familiares participan con profundo dolor su fallecimiento, comunican que sus restos ser\u00e1n inhumados hoy 20 de mayo a hs. 10:00, en el cementerio La Esperanza. Casa de duelo Iglesia Evang\u00e9lica, Neuqu\u00e9n 115 del barrio Belgrano. Ceremonia, tanatopraxia y honras f\u00fanebres Servicios Sociales Instituto del Norte SA. V\u00e9lez Sarfield 108. San Pedro de Jujuy. Tel.03888- 423146.<\/p>\n","protected":false},"excerpt":{"rendered":"<p>Falleci\u00f3 el d\u00eda 19 de mayo de 2015. Su hijo Esteban Lino; sus hermanos Samuel, Mariano, Eduardo, Armando; sus sobrinos; sus nietos y dem\u00e1s familiares participan con profundo dolor su fallecimiento, comunican que sus restos ser\u00e1n inhumados hoy 20 de mayo a hs. 10:00, en el cementerio La Esperanza. Casa de duelo Iglesia Evang\u00e9lica, Neuqu\u00e9n [&hellip;]<\/p>\n","protected":false},"author":5,"featured_media":18110,"comment_status":"open","ping_status":"open","sticky":false,"template":"","format":"standard","meta":{"_stopmodifiedupdate":false,"_modified_date":"","inline_featured_image":false,"spay_email":"","jetpack_publicize_message":""},"categories":[18],"tags":[],"jetpack_featured_media_url":"https:\/\/notinor.com\/jujuy\/wp-content\/uploads\/2015\/03\/Obituarios.jpg","jetpack_publicize_connections":[],"_links":{"self":[{"href":"https:\/\/notinor.com\/jujuy\/wp-json\/wp\/v2\/posts\/28034"}],"collection":[{"href":"https:\/\/notinor.com\/jujuy\/wp-json\/wp\/v2\/posts"}],"about":[{"href":"https:\/\/notinor.com\/jujuy\/wp-json\/wp\/v2\/types\/post"}],"author":[{"embeddable":true,"href":"https:\/\/notinor.com\/jujuy\/wp-json\/wp\/v2\/users\/5"}],"replies":[{"embeddable":true,"href":"https:\/\/notinor.com\/jujuy\/wp-json\/wp\/v2\/comments?post=28034"}],"version-history":[{"count":3,"href":"https:\/\/notinor.com\/jujuy\/wp-json\/wp\/v2\/posts\/28034\/revisions"}],"predecessor-version":[{"id":28037,"href":"https:\/\/notinor.com\/jujuy\/wp-json\/wp\/v2\/posts\/28034\/revisions\/28037"}],"wp:featuredmedia":[{"embeddable":true,"href":"https:\/\/notinor.com\/jujuy\/wp-json\/wp\/v2\/media\/18110"}],"wp:attachment":[{"href":"https:\/\/notinor.com\/jujuy\/wp-json\/wp\/v2\/media?parent=28034"}],"wp:term":[{"taxonomy":"category","embeddable":true,"href":"https:\/\/notinor.com\/jujuy\/wp-json\/wp\/v2\/categories?post=28034"},{"taxonomy":"post_tag","embeddable":true,"href":"https:\/\/notinor.com\/jujuy\/wp-json\/wp\/v2\/tags?post=28034"}],"curies":[{"name":"wp","href":"https:\/\/api.w.org\/{rel}","templated":true}]}}