{"id":28032,"date":"2015-05-20T09:23:41","date_gmt":"2015-05-20T12:23:41","guid":{"rendered":"http:\/\/notinor.com\/jujuy\/?p=28032"},"modified":"2015-05-20T09:23:41","modified_gmt":"2015-05-20T12:23:41","slug":"luna-alcira-q-e-p-d","status":"publish","type":"post","link":"https:\/\/notinor.com\/jujuy\/luna-alcira-q-e-p-d\/","title":{"rendered":"LUNA, Alcira (Q.E.P.D.)"},"content":{"rendered":"<p>Falleci\u00f3 el d\u00eda 18 de mayo de 2015. en Libertador Gral. San Mart\u00edn. Sus hijos Perpetuo Ruiz, Azucena Pe\u00f1aloza y Genaro; sus nietos Enzo, Alejandro, Gustavo, Sergio y Cristina; sus bisnietos Carmen , Ana, Ignacio, Joaqu\u00edn, Benjam\u00edn y Josefina y dem\u00e1s familiares participan y comunican que sus restos ser\u00e1n inhumados hoy 20 de mayo en el cementerio municipal de Pichanal, Or\u00e1n, Salta. Lugar de velatorio Av. Ing. Snopek Mza. 52 Lote 2 B\u00b0 Loceta - El Talar - Ceremonial y honras f\u00fanebres Servicios Sociales Instituto del Norte SA. Av. 23 de agosto 309 del barrio J.M. Rosas. Tel. 03886-424661<\/p>\n","protected":false},"excerpt":{"rendered":"<p>Falleci\u00f3 el d\u00eda 18 de mayo de 2015. en Libertador Gral. San Mart\u00edn. Sus hijos Perpetuo Ruiz, Azucena Pe\u00f1aloza y Genaro; sus nietos Enzo, Alejandro, Gustavo, Sergio y Cristina; sus bisnietos Carmen , Ana, Ignacio, Joaqu\u00edn, Benjam\u00edn y Josefina y dem\u00e1s familiares participan y comunican que sus restos ser\u00e1n inhumados hoy 20 de mayo en [&hellip;]<\/p>\n","protected":false},"author":5,"featured_media":18110,"comment_status":"open","ping_status":"open","sticky":false,"template":"","format":"standard","meta":{"_stopmodifiedupdate":false,"_modified_date":"","inline_featured_image":false,"spay_email":"","jetpack_publicize_message":""},"categories":[18],"tags":[],"jetpack_featured_media_url":"https:\/\/notinor.com\/jujuy\/wp-content\/uploads\/2015\/03\/Obituarios.jpg","jetpack_publicize_connections":[],"_links":{"self":[{"href":"https:\/\/notinor.com\/jujuy\/wp-json\/wp\/v2\/posts\/28032"}],"collection":[{"href":"https:\/\/notinor.com\/jujuy\/wp-json\/wp\/v2\/posts"}],"about":[{"href":"https:\/\/notinor.com\/jujuy\/wp-json\/wp\/v2\/types\/post"}],"author":[{"embeddable":true,"href":"https:\/\/notinor.com\/jujuy\/wp-json\/wp\/v2\/users\/5"}],"replies":[{"embeddable":true,"href":"https:\/\/notinor.com\/jujuy\/wp-json\/wp\/v2\/comments?post=28032"}],"version-history":[{"count":1,"href":"https:\/\/notinor.com\/jujuy\/wp-json\/wp\/v2\/posts\/28032\/revisions"}],"predecessor-version":[{"id":28033,"href":"https:\/\/notinor.com\/jujuy\/wp-json\/wp\/v2\/posts\/28032\/revisions\/28033"}],"wp:featuredmedia":[{"embeddable":true,"href":"https:\/\/notinor.com\/jujuy\/wp-json\/wp\/v2\/media\/18110"}],"wp:attachment":[{"href":"https:\/\/notinor.com\/jujuy\/wp-json\/wp\/v2\/media?parent=28032"}],"wp:term":[{"taxonomy":"category","embeddable":true,"href":"https:\/\/notinor.com\/jujuy\/wp-json\/wp\/v2\/categories?post=28032"},{"taxonomy":"post_tag","embeddable":true,"href":"https:\/\/notinor.com\/jujuy\/wp-json\/wp\/v2\/tags?post=28032"}],"curies":[{"name":"wp","href":"https:\/\/api.w.org\/{rel}","templated":true}]}}